{"id":1849,"date":"2022-02-17T11:25:52","date_gmt":"2022-02-17T10:25:52","guid":{"rendered":"https:\/\/www.todoslostonosyayres.com\/?p=1849"},"modified":"2022-02-17T11:36:21","modified_gmt":"2022-02-17T10:36:21","slug":"presentacion-del-cd-el-clave-del-emperador-en-la-sgae","status":"publish","type":"post","link":"https:\/\/www.todoslostonosyayres.com\/en\/presentacion-del-cd-el-clave-del-emperador-en-la-sgae\/","title":{"rendered":"Presentaci\u00f3n del CD &#8220;El clave del Emperador&#8221; en la SGAE"},"content":{"rendered":"<p>El pasado 15 de febrero de 2022 tuvo lugar la <a href=\"https:\/\/www.musicaantigua.com\/el-clave-del-emperador-busca-recuperar-la-figura-de-diego-de-pantoja\/\" target=\"_blank\" rel=\"noopener\">presentaci\u00f3n<\/a> del disco &#8220;El clave del Emperador: Diego de Pantoja and his legacy&#8221;, publicado para el sello discogr\u00e1fico <a href=\"https:\/\/www.todoslostonosyayres.com\/en\/producto\/el-clave-del-emperador-diego-de-pantoja-and-his-legacy\/\" target=\"_blank\" rel=\"noopener\">IBS Classical<\/a>, en la Sala Manuel de Falla del Palacio de Longoria, sede central de la SGAE, en Madrid.<\/p>\n<p>En el acto, participaron Rub\u00e9n Garc\u00eda Benito y Abigail R. Horro (Todos los Tonos y Ayres), Dar\u00edo Tamayo (\u00cdliber Ensemble) y Paco Moya (IBS Classical), y se cont\u00f3 con Eva Sandoval (Radio Cl\u00e1sica RNE) como presentadora.<\/p>\n<p>After the event, the attendees had the opportunity to enjoy a tasting of Chinese tea served according to the traditional ceremony accompanied by Chinese snacks.<\/p>","protected":false},"excerpt":{"rendered":"<p>El pasado 15 de febrero de 2022 tuvo lugar la presentaci\u00f3n del disco &#8220;El clave del Emperador: Diego de Pantoja and his legacy&#8221;, publicado para el sello discogr\u00e1fico IBS Classical, en la Sala Manuel de Falla del Palacio de Longoria, sede central de la SGAE, en Madrid. En el acto, participaron Rub\u00e9n Garc\u00eda Benito y [&hellip;]<\/p>\n","protected":false},"author":1,"featured_media":1851,"comment_status":"closed","ping_status":"closed","sticky":false,"template":"","format":"standard","meta":{"rs_blank_template":"","rs_page_bg_color":"","slide_template_v7":"","footnotes":""},"categories":[26],"tags":[],"class_list":["post-1849","post","type-post","status-publish","format-standard","has-post-thumbnail","hentry","category-novedades"],"yoast_head":"<!-- This site is optimized with the Yoast SEO plugin v27.3 - https:\/\/yoast.com\/product\/yoast-seo-wordpress\/ -->\n<title>Presentaci\u00f3n del CD &quot;El clave del Emperador&quot; en la SGAE - Todos los Tonos y Ayres<\/title>\n<meta name=\"robots\" content=\"index, follow, max-snippet:-1, max-image-preview:large, max-video-preview:-1\" \/>\n<link rel=\"canonical\" href=\"https:\/\/www.todoslostonosyayres.com\/en\/presentacion-del-cd-el-clave-del-emperador-en-la-sgae\/\" \/>\n<meta name=\"twitter:card\" content=\"summary_large_image\" \/>\n<meta name=\"twitter:title\" content=\"Presentaci\u00f3n del CD &quot;El clave del Emperador&quot; en la SGAE - Todos los Tonos y Ayres\" \/>\n<meta name=\"twitter:description\" content=\"El pasado 15 de febrero de 2022 tuvo lugar la presentaci\u00f3n del disco &#8220;El clave del Emperador: Diego de Pantoja and his legacy&#8221;, publicado para el sello discogr\u00e1fico IBS Classical, en la Sala Manuel de Falla del Palacio de Longoria, sede central de la SGAE, en Madrid. En el acto, participaron Rub\u00e9n Garc\u00eda Benito y [&hellip;]\" \/>\n<meta name=\"twitter:image\" content=\"https:\/\/www.todoslostonosyayres.com\/wp-content\/uploads\/Prensa\/ECDE_CD\/Presentacion-ECDE-SGAE-01.jpg\" \/>\n<meta name=\"twitter:label1\" content=\"Written by\" \/>\n\t<meta name=\"twitter:data1\" content=\"admin\" \/>\n\t<meta name=\"twitter:label2\" content=\"Est. reading time\" \/>\n\t<meta name=\"twitter:data2\" content=\"1 minute\" \/>\n<script type=\"application\/ld+json\" class=\"yoast-schema-graph\">{\"@context\":\"https:\\\/\\\/schema.org\",\"@graph\":[{\"@type\":\"Article\",\"@id\":\"https:\\\/\\\/www.todoslostonosyayres.com\\\/presentacion-del-cd-el-clave-del-emperador-en-la-sgae\\\/#article\",\"isPartOf\":{\"@id\":\"https:\\\/\\\/www.todoslostonosyayres.com\\\/presentacion-del-cd-el-clave-del-emperador-en-la-sgae\\\/\"},\"author\":{\"name\":\"admin\",\"@id\":\"https:\\\/\\\/www.todoslostonosyayres.com\\\/#\\\/schema\\\/person\\\/030dc063f0bbe2d69f2bbaadd1a235e7\"},\"headline\":\"Presentaci\u00f3n del CD &#8220;El clave del Emperador&#8221; en la SGAE\",\"datePublished\":\"2022-02-17T10:25:52+00:00\",\"dateModified\":\"2022-02-17T10:36:21+00:00\",\"mainEntityOfPage\":{\"@id\":\"https:\\\/\\\/www.todoslostonosyayres.com\\\/presentacion-del-cd-el-clave-del-emperador-en-la-sgae\\\/\"},\"wordCount\":126,\"publisher\":{\"@id\":\"https:\\\/\\\/www.todoslostonosyayres.com\\\/#organization\"},\"image\":{\"@id\":\"https:\\\/\\\/www.todoslostonosyayres.com\\\/presentacion-del-cd-el-clave-del-emperador-en-la-sgae\\\/#primaryimage\"},\"thumbnailUrl\":\"https:\\\/\\\/www.todoslostonosyayres.com\\\/wp-content\\\/uploads\\\/Prensa\\\/ECDE_CD\\\/Presentacion-ECDE-SGAE-01.jpg\",\"articleSection\":[\"Novedades\"],\"inLanguage\":\"en-US\"},{\"@type\":\"WebPage\",\"@id\":\"https:\\\/\\\/www.todoslostonosyayres.com\\\/presentacion-del-cd-el-clave-del-emperador-en-la-sgae\\\/\",\"url\":\"https:\\\/\\\/www.todoslostonosyayres.com\\\/presentacion-del-cd-el-clave-del-emperador-en-la-sgae\\\/\",\"name\":\"Presentaci\u00f3n del CD \\\"El clave del Emperador\\\" en la SGAE - Todos los Tonos y Ayres\",\"isPartOf\":{\"@id\":\"https:\\\/\\\/www.todoslostonosyayres.com\\\/#website\"},\"primaryImageOfPage\":{\"@id\":\"https:\\\/\\\/www.todoslostonosyayres.com\\\/presentacion-del-cd-el-clave-del-emperador-en-la-sgae\\\/#primaryimage\"},\"image\":{\"@id\":\"https:\\\/\\\/www.todoslostonosyayres.com\\\/presentacion-del-cd-el-clave-del-emperador-en-la-sgae\\\/#primaryimage\"},\"thumbnailUrl\":\"https:\\\/\\\/www.todoslostonosyayres.com\\\/wp-content\\\/uploads\\\/Prensa\\\/ECDE_CD\\\/Presentacion-ECDE-SGAE-01.jpg\",\"datePublished\":\"2022-02-17T10:25:52+00:00\",\"dateModified\":\"2022-02-17T10:36:21+00:00\",\"breadcrumb\":{\"@id\":\"https:\\\/\\\/www.todoslostonosyayres.com\\\/presentacion-del-cd-el-clave-del-emperador-en-la-sgae\\\/#breadcrumb\"},\"inLanguage\":\"en-US\",\"potentialAction\":[{\"@type\":\"ReadAction\",\"target\":[\"https:\\\/\\\/www.todoslostonosyayres.com\\\/presentacion-del-cd-el-clave-del-emperador-en-la-sgae\\\/\"]}]},{\"@type\":\"ImageObject\",\"inLanguage\":\"en-US\",\"@id\":\"https:\\\/\\\/www.todoslostonosyayres.com\\\/presentacion-del-cd-el-clave-del-emperador-en-la-sgae\\\/#primaryimage\",\"url\":\"https:\\\/\\\/www.todoslostonosyayres.com\\\/wp-content\\\/uploads\\\/Prensa\\\/ECDE_CD\\\/Presentacion-ECDE-SGAE-01.jpg\",\"contentUrl\":\"https:\\\/\\\/www.todoslostonosyayres.com\\\/wp-content\\\/uploads\\\/Prensa\\\/ECDE_CD\\\/Presentacion-ECDE-SGAE-01.jpg\",\"width\":1317,\"height\":640},{\"@type\":\"BreadcrumbList\",\"@id\":\"https:\\\/\\\/www.todoslostonosyayres.com\\\/presentacion-del-cd-el-clave-del-emperador-en-la-sgae\\\/#breadcrumb\",\"itemListElement\":[{\"@type\":\"ListItem\",\"position\":1,\"name\":\"Inicio\",\"item\":\"https:\\\/\\\/www.todoslostonosyayres.com\\\/\"},{\"@type\":\"ListItem\",\"position\":2,\"name\":\"Presentaci\u00f3n del CD \u00abEl clave del Emperador\u00bb en la SGAE\"}]},{\"@type\":\"WebSite\",\"@id\":\"https:\\\/\\\/www.todoslostonosyayres.com\\\/#website\",\"url\":\"https:\\\/\\\/www.todoslostonosyayres.com\\\/\",\"name\":\"Todos los Tonos y Ayres\",\"description\":\"Primera agrupaci\u00f3n de m\u00fasica antigua china y europea en Espa\u00f1a\",\"publisher\":{\"@id\":\"https:\\\/\\\/www.todoslostonosyayres.com\\\/#organization\"},\"potentialAction\":[{\"@type\":\"SearchAction\",\"target\":{\"@type\":\"EntryPoint\",\"urlTemplate\":\"https:\\\/\\\/www.todoslostonosyayres.com\\\/?s={search_term_string}\"},\"query-input\":{\"@type\":\"PropertyValueSpecification\",\"valueRequired\":true,\"valueName\":\"search_term_string\"}}],\"inLanguage\":\"en-US\"},{\"@type\":\"Organization\",\"@id\":\"https:\\\/\\\/www.todoslostonosyayres.com\\\/#organization\",\"name\":\"Todos los Tonos y Ayres\",\"url\":\"https:\\\/\\\/www.todoslostonosyayres.com\\\/\",\"logo\":{\"@type\":\"ImageObject\",\"inLanguage\":\"en-US\",\"@id\":\"https:\\\/\\\/www.todoslostonosyayres.com\\\/#\\\/schema\\\/logo\\\/image\\\/\",\"url\":\"https:\\\/\\\/www.todoslostonosyayres.com\\\/wp-content\\\/uploads\\\/Logos\\\/TAmedium.png\",\"contentUrl\":\"https:\\\/\\\/www.todoslostonosyayres.com\\\/wp-content\\\/uploads\\\/Logos\\\/TAmedium.png\",\"width\":100,\"height\":149,\"caption\":\"Todos los Tonos y Ayres\"},\"image\":{\"@id\":\"https:\\\/\\\/www.todoslostonosyayres.com\\\/#\\\/schema\\\/logo\\\/image\\\/\"},\"sameAs\":[\"https:\\\/\\\/www.facebook.com\\\/tonos.ayres\\\/\",\"https:\\\/\\\/www.youtube.com\\\/channel\\\/UCFx7iNEhJWGAq0xFxAnlUpQ\"]},{\"@type\":\"Person\",\"@id\":\"https:\\\/\\\/www.todoslostonosyayres.com\\\/#\\\/schema\\\/person\\\/030dc063f0bbe2d69f2bbaadd1a235e7\",\"name\":\"admin\",\"image\":{\"@type\":\"ImageObject\",\"inLanguage\":\"en-US\",\"@id\":\"https:\\\/\\\/secure.gravatar.com\\\/avatar\\\/2e7edde054e116ccda0be6d389c9ae8bfba7625f80eb04681f1565bbf7eb3526?s=96&d=mm&r=g\",\"url\":\"https:\\\/\\\/secure.gravatar.com\\\/avatar\\\/2e7edde054e116ccda0be6d389c9ae8bfba7625f80eb04681f1565bbf7eb3526?s=96&d=mm&r=g\",\"contentUrl\":\"https:\\\/\\\/secure.gravatar.com\\\/avatar\\\/2e7edde054e116ccda0be6d389c9ae8bfba7625f80eb04681f1565bbf7eb3526?s=96&d=mm&r=g\",\"caption\":\"admin\"}}]}<\/script>\n<!-- \/ Yoast SEO plugin. -->","yoast_head_json":{"title":"Presentaci\u00f3n del CD \"El clave del Emperador\" en la SGAE - Todos los Tonos y Ayres","robots":{"index":"index","follow":"follow","max-snippet":"max-snippet:-1","max-image-preview":"max-image-preview:large","max-video-preview":"max-video-preview:-1"},"canonical":"https:\/\/www.todoslostonosyayres.com\/en\/presentacion-del-cd-el-clave-del-emperador-en-la-sgae\/","twitter_card":"summary_large_image","twitter_title":"Presentaci\u00f3n del CD \"El clave del Emperador\" en la SGAE - Todos los Tonos y Ayres","twitter_description":"El pasado 15 de febrero de 2022 tuvo lugar la presentaci\u00f3n del disco &#8220;El clave del Emperador: Diego de Pantoja and his legacy&#8221;, publicado para el sello discogr\u00e1fico IBS Classical, en la Sala Manuel de Falla del Palacio de Longoria, sede central de la SGAE, en Madrid. En el acto, participaron Rub\u00e9n Garc\u00eda Benito y [&hellip;]","twitter_image":"https:\/\/www.todoslostonosyayres.com\/wp-content\/uploads\/Prensa\/ECDE_CD\/Presentacion-ECDE-SGAE-01.jpg","twitter_misc":{"Written by":"admin","Est. reading time":"1 minute"},"schema":{"@context":"https:\/\/schema.org","@graph":[{"@type":"Article","@id":"https:\/\/www.todoslostonosyayres.com\/presentacion-del-cd-el-clave-del-emperador-en-la-sgae\/#article","isPartOf":{"@id":"https:\/\/www.todoslostonosyayres.com\/presentacion-del-cd-el-clave-del-emperador-en-la-sgae\/"},"author":{"name":"admin","@id":"https:\/\/www.todoslostonosyayres.com\/#\/schema\/person\/030dc063f0bbe2d69f2bbaadd1a235e7"},"headline":"Presentaci\u00f3n del CD &#8220;El clave del Emperador&#8221; en la SGAE","datePublished":"2022-02-17T10:25:52+00:00","dateModified":"2022-02-17T10:36:21+00:00","mainEntityOfPage":{"@id":"https:\/\/www.todoslostonosyayres.com\/presentacion-del-cd-el-clave-del-emperador-en-la-sgae\/"},"wordCount":126,"publisher":{"@id":"https:\/\/www.todoslostonosyayres.com\/#organization"},"image":{"@id":"https:\/\/www.todoslostonosyayres.com\/presentacion-del-cd-el-clave-del-emperador-en-la-sgae\/#primaryimage"},"thumbnailUrl":"https:\/\/www.todoslostonosyayres.com\/wp-content\/uploads\/Prensa\/ECDE_CD\/Presentacion-ECDE-SGAE-01.jpg","articleSection":["Novedades"],"inLanguage":"en-US"},{"@type":"WebPage","@id":"https:\/\/www.todoslostonosyayres.com\/presentacion-del-cd-el-clave-del-emperador-en-la-sgae\/","url":"https:\/\/www.todoslostonosyayres.com\/presentacion-del-cd-el-clave-del-emperador-en-la-sgae\/","name":"Presentaci\u00f3n del CD \"El clave del Emperador\" en la SGAE - Todos los Tonos y Ayres","isPartOf":{"@id":"https:\/\/www.todoslostonosyayres.com\/#website"},"primaryImageOfPage":{"@id":"https:\/\/www.todoslostonosyayres.com\/presentacion-del-cd-el-clave-del-emperador-en-la-sgae\/#primaryimage"},"image":{"@id":"https:\/\/www.todoslostonosyayres.com\/presentacion-del-cd-el-clave-del-emperador-en-la-sgae\/#primaryimage"},"thumbnailUrl":"https:\/\/www.todoslostonosyayres.com\/wp-content\/uploads\/Prensa\/ECDE_CD\/Presentacion-ECDE-SGAE-01.jpg","datePublished":"2022-02-17T10:25:52+00:00","dateModified":"2022-02-17T10:36:21+00:00","breadcrumb":{"@id":"https:\/\/www.todoslostonosyayres.com\/presentacion-del-cd-el-clave-del-emperador-en-la-sgae\/#breadcrumb"},"inLanguage":"en-US","potentialAction":[{"@type":"ReadAction","target":["https:\/\/www.todoslostonosyayres.com\/presentacion-del-cd-el-clave-del-emperador-en-la-sgae\/"]}]},{"@type":"ImageObject","inLanguage":"en-US","@id":"https:\/\/www.todoslostonosyayres.com\/presentacion-del-cd-el-clave-del-emperador-en-la-sgae\/#primaryimage","url":"https:\/\/www.todoslostonosyayres.com\/wp-content\/uploads\/Prensa\/ECDE_CD\/Presentacion-ECDE-SGAE-01.jpg","contentUrl":"https:\/\/www.todoslostonosyayres.com\/wp-content\/uploads\/Prensa\/ECDE_CD\/Presentacion-ECDE-SGAE-01.jpg","width":1317,"height":640},{"@type":"BreadcrumbList","@id":"https:\/\/www.todoslostonosyayres.com\/presentacion-del-cd-el-clave-del-emperador-en-la-sgae\/#breadcrumb","itemListElement":[{"@type":"ListItem","position":1,"name":"Inicio","item":"https:\/\/www.todoslostonosyayres.com\/"},{"@type":"ListItem","position":2,"name":"Presentaci\u00f3n del CD \u00abEl clave del Emperador\u00bb en la SGAE"}]},{"@type":"WebSite","@id":"https:\/\/www.todoslostonosyayres.com\/#website","url":"https:\/\/www.todoslostonosyayres.com\/","name":"Todos los Tonos y Ayres","description":"Primera agrupaci\u00f3n de m\u00fasica antigua china y europea en Espa\u00f1a","publisher":{"@id":"https:\/\/www.todoslostonosyayres.com\/#organization"},"potentialAction":[{"@type":"SearchAction","target":{"@type":"EntryPoint","urlTemplate":"https:\/\/www.todoslostonosyayres.com\/?s={search_term_string}"},"query-input":{"@type":"PropertyValueSpecification","valueRequired":true,"valueName":"search_term_string"}}],"inLanguage":"en-US"},{"@type":"Organization","@id":"https:\/\/www.todoslostonosyayres.com\/#organization","name":"Todos los Tonos y Ayres","url":"https:\/\/www.todoslostonosyayres.com\/","logo":{"@type":"ImageObject","inLanguage":"en-US","@id":"https:\/\/www.todoslostonosyayres.com\/#\/schema\/logo\/image\/","url":"https:\/\/www.todoslostonosyayres.com\/wp-content\/uploads\/Logos\/TAmedium.png","contentUrl":"https:\/\/www.todoslostonosyayres.com\/wp-content\/uploads\/Logos\/TAmedium.png","width":100,"height":149,"caption":"Todos los Tonos y Ayres"},"image":{"@id":"https:\/\/www.todoslostonosyayres.com\/#\/schema\/logo\/image\/"},"sameAs":["https:\/\/www.facebook.com\/tonos.ayres\/","https:\/\/www.youtube.com\/channel\/UCFx7iNEhJWGAq0xFxAnlUpQ"]},{"@type":"Person","@id":"https:\/\/www.todoslostonosyayres.com\/#\/schema\/person\/030dc063f0bbe2d69f2bbaadd1a235e7","name":"admin","image":{"@type":"ImageObject","inLanguage":"en-US","@id":"https:\/\/secure.gravatar.com\/avatar\/2e7edde054e116ccda0be6d389c9ae8bfba7625f80eb04681f1565bbf7eb3526?s=96&d=mm&r=g","url":"https:\/\/secure.gravatar.com\/avatar\/2e7edde054e116ccda0be6d389c9ae8bfba7625f80eb04681f1565bbf7eb3526?s=96&d=mm&r=g","contentUrl":"https:\/\/secure.gravatar.com\/avatar\/2e7edde054e116ccda0be6d389c9ae8bfba7625f80eb04681f1565bbf7eb3526?s=96&d=mm&r=g","caption":"admin"}}]}},"_links":{"self":[{"href":"https:\/\/www.todoslostonosyayres.com\/en\/wp-json\/wp\/v2\/posts\/1849","targetHints":{"allow":["GET"]}}],"collection":[{"href":"https:\/\/www.todoslostonosyayres.com\/en\/wp-json\/wp\/v2\/posts"}],"about":[{"href":"https:\/\/www.todoslostonosyayres.com\/en\/wp-json\/wp\/v2\/types\/post"}],"author":[{"embeddable":true,"href":"https:\/\/www.todoslostonosyayres.com\/en\/wp-json\/wp\/v2\/users\/1"}],"replies":[{"embeddable":true,"href":"https:\/\/www.todoslostonosyayres.com\/en\/wp-json\/wp\/v2\/comments?post=1849"}],"version-history":[{"count":3,"href":"https:\/\/www.todoslostonosyayres.com\/en\/wp-json\/wp\/v2\/posts\/1849\/revisions"}],"predecessor-version":[{"id":1853,"href":"https:\/\/www.todoslostonosyayres.com\/en\/wp-json\/wp\/v2\/posts\/1849\/revisions\/1853"}],"wp:featuredmedia":[{"embeddable":true,"href":"https:\/\/www.todoslostonosyayres.com\/en\/wp-json\/wp\/v2\/media\/1851"}],"wp:attachment":[{"href":"https:\/\/www.todoslostonosyayres.com\/en\/wp-json\/wp\/v2\/media?parent=1849"}],"wp:term":[{"taxonomy":"category","embeddable":true,"href":"https:\/\/www.todoslostonosyayres.com\/en\/wp-json\/wp\/v2\/categories?post=1849"},{"taxonomy":"post_tag","embeddable":true,"href":"https:\/\/www.todoslostonosyayres.com\/en\/wp-json\/wp\/v2\/tags?post=1849"}],"curies":[{"name":"wp","href":"https:\/\/api.w.org\/{rel}","templated":true}]}}