{"id":2697,"date":"2024-08-27T04:52:07","date_gmt":"2024-08-27T02:52:07","guid":{"rendered":"https:\/\/www.todoslostonosyayres.com\/?p=2697"},"modified":"2024-08-27T05:05:47","modified_gmt":"2024-08-27T03:05:47","slug":"hija-de-la-seda-en-china","status":"publish","type":"post","link":"https:\/\/www.todoslostonosyayres.com\/en\/hija-de-la-seda-en-china\/","title":{"rendered":"Hija de la Seda en China"},"content":{"rendered":"<p><img loading=\"lazy\" decoding=\"async\" class=\"alignnone wp-image-177\" src=\"https:\/\/www.todoslostonosyayres.com\/wp-content\/uploads\/Logos\/tonosyayres_small-300x39.png\" alt=\"\" width=\"200\" height=\"26\" \/>\u00a0 lleva a China su proyecto <a href=\"https:\/\/youtu.be\/IL76kx6hFSk\" target=\"_blank\" rel=\"noopener\">Hija de la Seda<\/a> de mano del <a href=\"https:\/\/cultura.cervantes.es\/pekin\/es\/Hija-de-la-seda\/171376\" target=\"_blank\" rel=\"noopener\">Instituto Cervantes de Pek\u00edn<\/a>.<\/p>\n<div class=\"page\" title=\"Page 1\">\n<div class=\"section\">\n<div class=\"layoutArea\">\n<div class=\"page\" title=\"Page 1\">\n<div class=\"section\">\n<div class=\"layoutArea\">\n<div class=\"column\">\n<p>Dos conciertos de <a href=\"https:\/\/www.todoslostonosyayres.com\/en\/dossier\/hija-de-la-seda\/\" target=\"_blank\" rel=\"noopener\">Hija de la Seda<\/a> tendr\u00e1n lugar en la capital China: el primero el 31 de agosto de 2024 en el 798CUBE Art Museum en el Distrito Art\u00edstico 798 de Pek\u00edn; y el segundo el 3 de septiembre de 2024 en la sede del <a href=\"https:\/\/cultura.cervantes.es\/pekin\/es\/Hija-de-la-seda\/171376\" target=\"_blank\" rel=\"noopener\">Instituto Cervantes de Pek\u00edn<\/a>.<\/p>\n<p>&nbsp;<\/p>\n<\/div>\n<p><iframe loading=\"lazy\" src=\"\/\/www.youtube.com\/embed\/IL76kx6hFSk\" width=\"560\" height=\"314\" allowfullscreen=\"allowfullscreen\"><\/iframe><\/p>\n<\/div>\n<\/div>\n<\/div>\n<\/div>\n<\/div>\n<\/div>","protected":false},"excerpt":{"rendered":"<p>\u00a0 lleva a China su proyecto Hija de la Seda de mano del Instituto Cervantes de Pek\u00edn. Dos conciertos de Hija de la Seda tendr\u00e1n lugar en la capital China: el primero el 31 de agosto de 2024 en el 798CUBE Art Museum en el Distrito Art\u00edstico 798 de Pek\u00edn; y el segundo el 3 [&hellip;]<\/p>\n","protected":false},"author":1,"featured_media":2627,"comment_status":"closed","ping_status":"closed","sticky":false,"template":"","format":"gallery","meta":{"rs_blank_template":"","rs_page_bg_color":"","slide_template_v7":"","footnotes":""},"categories":[26],"tags":[],"class_list":["post-2697","post","type-post","status-publish","format-gallery","has-post-thumbnail","hentry","category-novedades","post_format-post-format-gallery"],"yoast_head":"<!-- This site is optimized with the Yoast SEO plugin v27.3 - https:\/\/yoast.com\/product\/yoast-seo-wordpress\/ -->\n<title>Hija de la Seda en China - Todos los Tonos y Ayres<\/title>\n<meta name=\"robots\" content=\"index, follow, max-snippet:-1, max-image-preview:large, max-video-preview:-1\" \/>\n<link rel=\"canonical\" href=\"https:\/\/www.todoslostonosyayres.com\/en\/hija-de-la-seda-en-china\/\" \/>\n<meta name=\"twitter:card\" content=\"summary_large_image\" \/>\n<meta name=\"twitter:title\" content=\"Hija de la Seda en China - Todos los Tonos y Ayres\" \/>\n<meta name=\"twitter:description\" content=\"\u00a0 lleva a China su proyecto Hija de la Seda de mano del Instituto Cervantes de Pek\u00edn. Dos conciertos de Hija de la Seda tendr\u00e1n lugar en la capital China: el primero el 31 de agosto de 2024 en el 798CUBE Art Museum en el Distrito Art\u00edstico 798 de Pek\u00edn; y el segundo el 3 [&hellip;]\" \/>\n<meta name=\"twitter:image\" content=\"https:\/\/www.todoslostonosyayres.com\/wp-content\/uploads\/Programas\/Portada_Hija_de_la_seda.jpg\" \/>\n<meta name=\"twitter:label1\" content=\"Written by\" \/>\n\t<meta name=\"twitter:data1\" content=\"admin\" \/>\n\t<meta name=\"twitter:label2\" content=\"Est. reading time\" \/>\n\t<meta name=\"twitter:data2\" content=\"1 minute\" \/>\n<script type=\"application\/ld+json\" class=\"yoast-schema-graph\">{\"@context\":\"https:\\\/\\\/schema.org\",\"@graph\":[{\"@type\":\"Article\",\"@id\":\"https:\\\/\\\/www.todoslostonosyayres.com\\\/hija-de-la-seda-en-china\\\/#article\",\"isPartOf\":{\"@id\":\"https:\\\/\\\/www.todoslostonosyayres.com\\\/hija-de-la-seda-en-china\\\/\"},\"author\":{\"name\":\"admin\",\"@id\":\"https:\\\/\\\/www.todoslostonosyayres.com\\\/#\\\/schema\\\/person\\\/030dc063f0bbe2d69f2bbaadd1a235e7\"},\"headline\":\"Hija de la Seda en China\",\"datePublished\":\"2024-08-27T02:52:07+00:00\",\"dateModified\":\"2024-08-27T03:05:47+00:00\",\"mainEntityOfPage\":{\"@id\":\"https:\\\/\\\/www.todoslostonosyayres.com\\\/hija-de-la-seda-en-china\\\/\"},\"wordCount\":73,\"publisher\":{\"@id\":\"https:\\\/\\\/www.todoslostonosyayres.com\\\/#organization\"},\"image\":{\"@id\":\"https:\\\/\\\/www.todoslostonosyayres.com\\\/hija-de-la-seda-en-china\\\/#primaryimage\"},\"thumbnailUrl\":\"https:\\\/\\\/www.todoslostonosyayres.com\\\/wp-content\\\/uploads\\\/Programas\\\/Portada_Hija_de_la_seda.jpg\",\"articleSection\":[\"Novedades\"],\"inLanguage\":\"en-US\"},{\"@type\":\"WebPage\",\"@id\":\"https:\\\/\\\/www.todoslostonosyayres.com\\\/hija-de-la-seda-en-china\\\/\",\"url\":\"https:\\\/\\\/www.todoslostonosyayres.com\\\/hija-de-la-seda-en-china\\\/\",\"name\":\"Hija de la Seda en China - Todos los Tonos y Ayres\",\"isPartOf\":{\"@id\":\"https:\\\/\\\/www.todoslostonosyayres.com\\\/#website\"},\"primaryImageOfPage\":{\"@id\":\"https:\\\/\\\/www.todoslostonosyayres.com\\\/hija-de-la-seda-en-china\\\/#primaryimage\"},\"image\":{\"@id\":\"https:\\\/\\\/www.todoslostonosyayres.com\\\/hija-de-la-seda-en-china\\\/#primaryimage\"},\"thumbnailUrl\":\"https:\\\/\\\/www.todoslostonosyayres.com\\\/wp-content\\\/uploads\\\/Programas\\\/Portada_Hija_de_la_seda.jpg\",\"datePublished\":\"2024-08-27T02:52:07+00:00\",\"dateModified\":\"2024-08-27T03:05:47+00:00\",\"breadcrumb\":{\"@id\":\"https:\\\/\\\/www.todoslostonosyayres.com\\\/hija-de-la-seda-en-china\\\/#breadcrumb\"},\"inLanguage\":\"en-US\",\"potentialAction\":[{\"@type\":\"ReadAction\",\"target\":[\"https:\\\/\\\/www.todoslostonosyayres.com\\\/hija-de-la-seda-en-china\\\/\"]}]},{\"@type\":\"ImageObject\",\"inLanguage\":\"en-US\",\"@id\":\"https:\\\/\\\/www.todoslostonosyayres.com\\\/hija-de-la-seda-en-china\\\/#primaryimage\",\"url\":\"https:\\\/\\\/www.todoslostonosyayres.com\\\/wp-content\\\/uploads\\\/Programas\\\/Portada_Hija_de_la_seda.jpg\",\"contentUrl\":\"https:\\\/\\\/www.todoslostonosyayres.com\\\/wp-content\\\/uploads\\\/Programas\\\/Portada_Hija_de_la_seda.jpg\",\"width\":1024,\"height\":768},{\"@type\":\"BreadcrumbList\",\"@id\":\"https:\\\/\\\/www.todoslostonosyayres.com\\\/hija-de-la-seda-en-china\\\/#breadcrumb\",\"itemListElement\":[{\"@type\":\"ListItem\",\"position\":1,\"name\":\"Inicio\",\"item\":\"https:\\\/\\\/www.todoslostonosyayres.com\\\/\"},{\"@type\":\"ListItem\",\"position\":2,\"name\":\"Hija de la Seda en China\"}]},{\"@type\":\"WebSite\",\"@id\":\"https:\\\/\\\/www.todoslostonosyayres.com\\\/#website\",\"url\":\"https:\\\/\\\/www.todoslostonosyayres.com\\\/\",\"name\":\"Todos los Tonos y Ayres\",\"description\":\"Primera agrupaci\u00f3n de m\u00fasica antigua china y europea en Espa\u00f1a\",\"publisher\":{\"@id\":\"https:\\\/\\\/www.todoslostonosyayres.com\\\/#organization\"},\"potentialAction\":[{\"@type\":\"SearchAction\",\"target\":{\"@type\":\"EntryPoint\",\"urlTemplate\":\"https:\\\/\\\/www.todoslostonosyayres.com\\\/?s={search_term_string}\"},\"query-input\":{\"@type\":\"PropertyValueSpecification\",\"valueRequired\":true,\"valueName\":\"search_term_string\"}}],\"inLanguage\":\"en-US\"},{\"@type\":\"Organization\",\"@id\":\"https:\\\/\\\/www.todoslostonosyayres.com\\\/#organization\",\"name\":\"Todos los Tonos y Ayres\",\"url\":\"https:\\\/\\\/www.todoslostonosyayres.com\\\/\",\"logo\":{\"@type\":\"ImageObject\",\"inLanguage\":\"en-US\",\"@id\":\"https:\\\/\\\/www.todoslostonosyayres.com\\\/#\\\/schema\\\/logo\\\/image\\\/\",\"url\":\"https:\\\/\\\/www.todoslostonosyayres.com\\\/wp-content\\\/uploads\\\/Logos\\\/TAmedium.png\",\"contentUrl\":\"https:\\\/\\\/www.todoslostonosyayres.com\\\/wp-content\\\/uploads\\\/Logos\\\/TAmedium.png\",\"width\":100,\"height\":149,\"caption\":\"Todos los Tonos y Ayres\"},\"image\":{\"@id\":\"https:\\\/\\\/www.todoslostonosyayres.com\\\/#\\\/schema\\\/logo\\\/image\\\/\"},\"sameAs\":[\"https:\\\/\\\/www.facebook.com\\\/tonos.ayres\\\/\",\"https:\\\/\\\/www.youtube.com\\\/channel\\\/UCFx7iNEhJWGAq0xFxAnlUpQ\"]},{\"@type\":\"Person\",\"@id\":\"https:\\\/\\\/www.todoslostonosyayres.com\\\/#\\\/schema\\\/person\\\/030dc063f0bbe2d69f2bbaadd1a235e7\",\"name\":\"admin\",\"image\":{\"@type\":\"ImageObject\",\"inLanguage\":\"en-US\",\"@id\":\"https:\\\/\\\/secure.gravatar.com\\\/avatar\\\/2e7edde054e116ccda0be6d389c9ae8bfba7625f80eb04681f1565bbf7eb3526?s=96&d=mm&r=g\",\"url\":\"https:\\\/\\\/secure.gravatar.com\\\/avatar\\\/2e7edde054e116ccda0be6d389c9ae8bfba7625f80eb04681f1565bbf7eb3526?s=96&d=mm&r=g\",\"contentUrl\":\"https:\\\/\\\/secure.gravatar.com\\\/avatar\\\/2e7edde054e116ccda0be6d389c9ae8bfba7625f80eb04681f1565bbf7eb3526?s=96&d=mm&r=g\",\"caption\":\"admin\"}}]}<\/script>\n<!-- \/ Yoast SEO plugin. -->","yoast_head_json":{"title":"Hija de la Seda en China - Todos los Tonos y Ayres","robots":{"index":"index","follow":"follow","max-snippet":"max-snippet:-1","max-image-preview":"max-image-preview:large","max-video-preview":"max-video-preview:-1"},"canonical":"https:\/\/www.todoslostonosyayres.com\/en\/hija-de-la-seda-en-china\/","twitter_card":"summary_large_image","twitter_title":"Hija de la Seda en China - Todos los Tonos y Ayres","twitter_description":"\u00a0 lleva a China su proyecto Hija de la Seda de mano del Instituto Cervantes de Pek\u00edn. Dos conciertos de Hija de la Seda tendr\u00e1n lugar en la capital China: el primero el 31 de agosto de 2024 en el 798CUBE Art Museum en el Distrito Art\u00edstico 798 de Pek\u00edn; y el segundo el 3 [&hellip;]","twitter_image":"https:\/\/www.todoslostonosyayres.com\/wp-content\/uploads\/Programas\/Portada_Hija_de_la_seda.jpg","twitter_misc":{"Written by":"admin","Est. reading time":"1 minute"},"schema":{"@context":"https:\/\/schema.org","@graph":[{"@type":"Article","@id":"https:\/\/www.todoslostonosyayres.com\/hija-de-la-seda-en-china\/#article","isPartOf":{"@id":"https:\/\/www.todoslostonosyayres.com\/hija-de-la-seda-en-china\/"},"author":{"name":"admin","@id":"https:\/\/www.todoslostonosyayres.com\/#\/schema\/person\/030dc063f0bbe2d69f2bbaadd1a235e7"},"headline":"Hija de la Seda en China","datePublished":"2024-08-27T02:52:07+00:00","dateModified":"2024-08-27T03:05:47+00:00","mainEntityOfPage":{"@id":"https:\/\/www.todoslostonosyayres.com\/hija-de-la-seda-en-china\/"},"wordCount":73,"publisher":{"@id":"https:\/\/www.todoslostonosyayres.com\/#organization"},"image":{"@id":"https:\/\/www.todoslostonosyayres.com\/hija-de-la-seda-en-china\/#primaryimage"},"thumbnailUrl":"https:\/\/www.todoslostonosyayres.com\/wp-content\/uploads\/Programas\/Portada_Hija_de_la_seda.jpg","articleSection":["Novedades"],"inLanguage":"en-US"},{"@type":"WebPage","@id":"https:\/\/www.todoslostonosyayres.com\/hija-de-la-seda-en-china\/","url":"https:\/\/www.todoslostonosyayres.com\/hija-de-la-seda-en-china\/","name":"Hija de la Seda en China - Todos los Tonos y Ayres","isPartOf":{"@id":"https:\/\/www.todoslostonosyayres.com\/#website"},"primaryImageOfPage":{"@id":"https:\/\/www.todoslostonosyayres.com\/hija-de-la-seda-en-china\/#primaryimage"},"image":{"@id":"https:\/\/www.todoslostonosyayres.com\/hija-de-la-seda-en-china\/#primaryimage"},"thumbnailUrl":"https:\/\/www.todoslostonosyayres.com\/wp-content\/uploads\/Programas\/Portada_Hija_de_la_seda.jpg","datePublished":"2024-08-27T02:52:07+00:00","dateModified":"2024-08-27T03:05:47+00:00","breadcrumb":{"@id":"https:\/\/www.todoslostonosyayres.com\/hija-de-la-seda-en-china\/#breadcrumb"},"inLanguage":"en-US","potentialAction":[{"@type":"ReadAction","target":["https:\/\/www.todoslostonosyayres.com\/hija-de-la-seda-en-china\/"]}]},{"@type":"ImageObject","inLanguage":"en-US","@id":"https:\/\/www.todoslostonosyayres.com\/hija-de-la-seda-en-china\/#primaryimage","url":"https:\/\/www.todoslostonosyayres.com\/wp-content\/uploads\/Programas\/Portada_Hija_de_la_seda.jpg","contentUrl":"https:\/\/www.todoslostonosyayres.com\/wp-content\/uploads\/Programas\/Portada_Hija_de_la_seda.jpg","width":1024,"height":768},{"@type":"BreadcrumbList","@id":"https:\/\/www.todoslostonosyayres.com\/hija-de-la-seda-en-china\/#breadcrumb","itemListElement":[{"@type":"ListItem","position":1,"name":"Inicio","item":"https:\/\/www.todoslostonosyayres.com\/"},{"@type":"ListItem","position":2,"name":"Hija de la Seda en China"}]},{"@type":"WebSite","@id":"https:\/\/www.todoslostonosyayres.com\/#website","url":"https:\/\/www.todoslostonosyayres.com\/","name":"Todos los Tonos y Ayres","description":"Primera agrupaci\u00f3n de m\u00fasica antigua china y europea en Espa\u00f1a","publisher":{"@id":"https:\/\/www.todoslostonosyayres.com\/#organization"},"potentialAction":[{"@type":"SearchAction","target":{"@type":"EntryPoint","urlTemplate":"https:\/\/www.todoslostonosyayres.com\/?s={search_term_string}"},"query-input":{"@type":"PropertyValueSpecification","valueRequired":true,"valueName":"search_term_string"}}],"inLanguage":"en-US"},{"@type":"Organization","@id":"https:\/\/www.todoslostonosyayres.com\/#organization","name":"Todos los Tonos y Ayres","url":"https:\/\/www.todoslostonosyayres.com\/","logo":{"@type":"ImageObject","inLanguage":"en-US","@id":"https:\/\/www.todoslostonosyayres.com\/#\/schema\/logo\/image\/","url":"https:\/\/www.todoslostonosyayres.com\/wp-content\/uploads\/Logos\/TAmedium.png","contentUrl":"https:\/\/www.todoslostonosyayres.com\/wp-content\/uploads\/Logos\/TAmedium.png","width":100,"height":149,"caption":"Todos los Tonos y Ayres"},"image":{"@id":"https:\/\/www.todoslostonosyayres.com\/#\/schema\/logo\/image\/"},"sameAs":["https:\/\/www.facebook.com\/tonos.ayres\/","https:\/\/www.youtube.com\/channel\/UCFx7iNEhJWGAq0xFxAnlUpQ"]},{"@type":"Person","@id":"https:\/\/www.todoslostonosyayres.com\/#\/schema\/person\/030dc063f0bbe2d69f2bbaadd1a235e7","name":"admin","image":{"@type":"ImageObject","inLanguage":"en-US","@id":"https:\/\/secure.gravatar.com\/avatar\/2e7edde054e116ccda0be6d389c9ae8bfba7625f80eb04681f1565bbf7eb3526?s=96&d=mm&r=g","url":"https:\/\/secure.gravatar.com\/avatar\/2e7edde054e116ccda0be6d389c9ae8bfba7625f80eb04681f1565bbf7eb3526?s=96&d=mm&r=g","contentUrl":"https:\/\/secure.gravatar.com\/avatar\/2e7edde054e116ccda0be6d389c9ae8bfba7625f80eb04681f1565bbf7eb3526?s=96&d=mm&r=g","caption":"admin"}}]}},"_links":{"self":[{"href":"https:\/\/www.todoslostonosyayres.com\/en\/wp-json\/wp\/v2\/posts\/2697","targetHints":{"allow":["GET"]}}],"collection":[{"href":"https:\/\/www.todoslostonosyayres.com\/en\/wp-json\/wp\/v2\/posts"}],"about":[{"href":"https:\/\/www.todoslostonosyayres.com\/en\/wp-json\/wp\/v2\/types\/post"}],"author":[{"embeddable":true,"href":"https:\/\/www.todoslostonosyayres.com\/en\/wp-json\/wp\/v2\/users\/1"}],"replies":[{"embeddable":true,"href":"https:\/\/www.todoslostonosyayres.com\/en\/wp-json\/wp\/v2\/comments?post=2697"}],"version-history":[{"count":6,"href":"https:\/\/www.todoslostonosyayres.com\/en\/wp-json\/wp\/v2\/posts\/2697\/revisions"}],"predecessor-version":[{"id":2703,"href":"https:\/\/www.todoslostonosyayres.com\/en\/wp-json\/wp\/v2\/posts\/2697\/revisions\/2703"}],"wp:featuredmedia":[{"embeddable":true,"href":"https:\/\/www.todoslostonosyayres.com\/en\/wp-json\/wp\/v2\/media\/2627"}],"wp:attachment":[{"href":"https:\/\/www.todoslostonosyayres.com\/en\/wp-json\/wp\/v2\/media?parent=2697"}],"wp:term":[{"taxonomy":"category","embeddable":true,"href":"https:\/\/www.todoslostonosyayres.com\/en\/wp-json\/wp\/v2\/categories?post=2697"},{"taxonomy":"post_tag","embeddable":true,"href":"https:\/\/www.todoslostonosyayres.com\/en\/wp-json\/wp\/v2\/tags?post=2697"}],"curies":[{"name":"wp","href":"https:\/\/api.w.org\/{rel}","templated":true}]}}