{"id":2746,"date":"2024-12-05T16:39:43","date_gmt":"2024-12-05T15:39:43","guid":{"rendered":"https:\/\/www.todoslostonosyayres.com\/?p=2746"},"modified":"2024-12-26T22:19:40","modified_gmt":"2024-12-26T21:19:40","slug":"reportaje-people-daily","status":"publish","type":"post","link":"https:\/\/www.todoslostonosyayres.com\/en\/reportaje-people-daily\/","title":{"rendered":"Reportaje sobre Todos los Tonos y Ayres"},"content":{"rendered":"<p>Un equipo del medio chino <em>People&#8217;s Daily<\/em>, con sede en Reino Unido, viaj\u00f3 a Granada a finales de octubre para realizar un reportaje y breve documental sobre la trayectoria de <img loading=\"lazy\" decoding=\"async\" class=\"alignnone wp-image-177\" src=\"https:\/\/www.todoslostonosyayres.com\/wp-content\/uploads\/Logos\/tonosyayres_small-300x39.png\" alt=\"\" width=\"200\" height=\"26\" \/>.<\/p>\n<ul>\n<li><a href=\"http:\/\/spanish.peopledaily.com.cn\/n3\/2024\/1205\/c31616-20250494.html\" target=\"_blank\" rel=\"noopener\">El fascinante viaje musical intercultural de Abigail y Rub\u00e9n<\/a>, People&#8217;s Daily, 5\/12\/2024 [<a href=\"https:\/\/www.todoslostonosyayres.com\/wp-content\/uploads\/Prensa\/2024\/spanish-peopledaily-com-cn-2024-12-05.pdf\" target=\"_blank\" rel=\"noopener\">PDF<\/a>]<\/li>\n<li><a href=\"http:\/\/en.people.cn\/n3\/2024\/1210\/c90000-20252151.html\" target=\"_blank\" rel=\"noopener\">Spanish musicians&#8217; cross-cultural musical journey<\/a>, People&#8217;s Daily, 10\/12\/2024<\/li>\n<li>Enlace al v\u00eddeo y noticia en <a href=\"https:\/\/www.facebook.com\/WeAreChinaVideos\/videos\/2551872065013355\/\" target=\"_blank\" rel=\"noopener\">Facebook<\/a>, con m\u00e1s de <strong>60.000 visualizaciones<\/strong> <a href=\"https:\/\/www.facebook.com\/WeAreChinaVideos\/videos\/2551872065013355\/\" target=\"_blank\" rel=\"noopener\">[<i class=\"fa-brands fa-facebook\"><\/i>]<\/a><\/li>\n<li><a href=\"https:\/\/www.huffingtonpost.es\/life\/cultura\/el-fascinante-viaje-musical-intercultural-abigail-ruben.html?outputType=amp\" target=\"_blank\" rel=\"noopener\">El fascinante viaje musical intercultural de Abigail y Rub\u00e9n<\/a>, El HuffPost, 26\/12\/2024<\/li>\n<\/ul>\n<p>&nbsp;<\/p>\n<p><iframe loading=\"lazy\" src=\"\/\/www.youtube.com\/embed\/XVFNxTQPveU\" width=\"1280\" height=\"720\" allowfullscreen=\"allowfullscreen\"><\/iframe><\/p>\n<p>&nbsp;<\/p>\n<p>&nbsp;<\/p>\n","protected":false},"excerpt":{"rendered":"<p>Un equipo del medio chino People&#8217;s Daily, con sede en Reino Unido, viaj\u00f3 a Granada a finales de octubre para realizar un reportaje y breve documental sobre la trayectoria de . El fascinante viaje musical intercultural de Abigail y Rub\u00e9n, People&#8217;s Daily, 5\/12\/2024 [PDF] Spanish musicians&#8217; cross-cultural musical journey, People&#8217;s Daily, 10\/12\/2024 Enlace al v\u00eddeo [&hellip;]<\/p>\n","protected":false},"author":1,"featured_media":2749,"comment_status":"closed","ping_status":"closed","sticky":false,"template":"","format":"gallery","meta":{"rs_blank_template":"","rs_page_bg_color":"","slide_template_v7":"","footnotes":""},"categories":[26],"tags":[],"class_list":["post-2746","post","type-post","status-publish","format-gallery","has-post-thumbnail","hentry","category-novedades","post_format-post-format-gallery"],"yoast_head":"<!-- This site is optimized with the Yoast SEO plugin v27.5 - https:\/\/yoast.com\/product\/yoast-seo-wordpress\/ -->\n<title>Reportaje sobre Todos los Tonos y Ayres - Todos los Tonos y Ayres<\/title>\n<meta name=\"robots\" content=\"index, follow, max-snippet:-1, max-image-preview:large, max-video-preview:-1\" \/>\n<link rel=\"canonical\" href=\"https:\/\/www.todoslostonosyayres.com\/en\/reportaje-people-daily\/\" \/>\n<meta name=\"twitter:card\" content=\"summary_large_image\" \/>\n<meta name=\"twitter:title\" content=\"Reportaje sobre Todos los Tonos y Ayres - Todos los Tonos y Ayres\" \/>\n<meta name=\"twitter:description\" content=\"Un equipo del medio chino People&#8217;s Daily, con sede en Reino Unido, viaj\u00f3 a Granada a finales de octubre para realizar un reportaje y breve documental sobre la trayectoria de . El fascinante viaje musical intercultural de Abigail y Rub\u00e9n, People&#8217;s Daily, 5\/12\/2024 [PDF] Spanish musicians&#8217; cross-cultural musical journey, People&#8217;s Daily, 10\/12\/2024 Enlace al v\u00eddeo [&hellip;]\" \/>\n<meta name=\"twitter:image\" content=\"https:\/\/www.todoslostonosyayres.com\/wp-content\/uploads\/Medios\/Todos_los_Tonos_y_Ayres-Photo-by-Patrick-Shead-Simmonds-2024-10-25.jpg\" \/>\n<meta name=\"twitter:label1\" content=\"Written by\" \/>\n\t<meta name=\"twitter:data1\" content=\"admin\" \/>\n\t<meta name=\"twitter:label2\" content=\"Est. reading time\" \/>\n\t<meta name=\"twitter:data2\" content=\"1 minute\" \/>\n<script type=\"application\/ld+json\" class=\"yoast-schema-graph\">{\"@context\":\"https:\\\/\\\/schema.org\",\"@graph\":[{\"@type\":\"Article\",\"@id\":\"https:\\\/\\\/www.todoslostonosyayres.com\\\/reportaje-people-daily\\\/#article\",\"isPartOf\":{\"@id\":\"https:\\\/\\\/www.todoslostonosyayres.com\\\/reportaje-people-daily\\\/\"},\"author\":{\"name\":\"admin\",\"@id\":\"https:\\\/\\\/www.todoslostonosyayres.com\\\/#\\\/schema\\\/person\\\/030dc063f0bbe2d69f2bbaadd1a235e7\"},\"headline\":\"Reportaje sobre Todos los Tonos y Ayres\",\"datePublished\":\"2024-12-05T15:39:43+00:00\",\"dateModified\":\"2024-12-26T21:19:40+00:00\",\"mainEntityOfPage\":{\"@id\":\"https:\\\/\\\/www.todoslostonosyayres.com\\\/reportaje-people-daily\\\/\"},\"wordCount\":88,\"publisher\":{\"@id\":\"https:\\\/\\\/www.todoslostonosyayres.com\\\/#organization\"},\"image\":{\"@id\":\"https:\\\/\\\/www.todoslostonosyayres.com\\\/reportaje-people-daily\\\/#primaryimage\"},\"thumbnailUrl\":\"https:\\\/\\\/www.todoslostonosyayres.com\\\/wp-content\\\/uploads\\\/Medios\\\/Todos_los_Tonos_y_Ayres-Photo-by-Patrick-Shead-Simmonds-2024-10-25.jpg\",\"articleSection\":[\"Novedades\"],\"inLanguage\":\"en-US\"},{\"@type\":\"WebPage\",\"@id\":\"https:\\\/\\\/www.todoslostonosyayres.com\\\/reportaje-people-daily\\\/\",\"url\":\"https:\\\/\\\/www.todoslostonosyayres.com\\\/reportaje-people-daily\\\/\",\"name\":\"Reportaje sobre Todos los Tonos y Ayres - Todos los Tonos y Ayres\",\"isPartOf\":{\"@id\":\"https:\\\/\\\/www.todoslostonosyayres.com\\\/#website\"},\"primaryImageOfPage\":{\"@id\":\"https:\\\/\\\/www.todoslostonosyayres.com\\\/reportaje-people-daily\\\/#primaryimage\"},\"image\":{\"@id\":\"https:\\\/\\\/www.todoslostonosyayres.com\\\/reportaje-people-daily\\\/#primaryimage\"},\"thumbnailUrl\":\"https:\\\/\\\/www.todoslostonosyayres.com\\\/wp-content\\\/uploads\\\/Medios\\\/Todos_los_Tonos_y_Ayres-Photo-by-Patrick-Shead-Simmonds-2024-10-25.jpg\",\"datePublished\":\"2024-12-05T15:39:43+00:00\",\"dateModified\":\"2024-12-26T21:19:40+00:00\",\"breadcrumb\":{\"@id\":\"https:\\\/\\\/www.todoslostonosyayres.com\\\/reportaje-people-daily\\\/#breadcrumb\"},\"inLanguage\":\"en-US\",\"potentialAction\":[{\"@type\":\"ReadAction\",\"target\":[\"https:\\\/\\\/www.todoslostonosyayres.com\\\/reportaje-people-daily\\\/\"]}]},{\"@type\":\"ImageObject\",\"inLanguage\":\"en-US\",\"@id\":\"https:\\\/\\\/www.todoslostonosyayres.com\\\/reportaje-people-daily\\\/#primaryimage\",\"url\":\"https:\\\/\\\/www.todoslostonosyayres.com\\\/wp-content\\\/uploads\\\/Medios\\\/Todos_los_Tonos_y_Ayres-Photo-by-Patrick-Shead-Simmonds-2024-10-25.jpg\",\"contentUrl\":\"https:\\\/\\\/www.todoslostonosyayres.com\\\/wp-content\\\/uploads\\\/Medios\\\/Todos_los_Tonos_y_Ayres-Photo-by-Patrick-Shead-Simmonds-2024-10-25.jpg\",\"width\":1337,\"height\":752,\"caption\":\"Abigail & Rub\u00e9n | Todos los Tonos y Ayres | Foto: Patrick Shead-Simmonds\"},{\"@type\":\"BreadcrumbList\",\"@id\":\"https:\\\/\\\/www.todoslostonosyayres.com\\\/reportaje-people-daily\\\/#breadcrumb\",\"itemListElement\":[{\"@type\":\"ListItem\",\"position\":1,\"name\":\"Inicio\",\"item\":\"https:\\\/\\\/www.todoslostonosyayres.com\\\/\"},{\"@type\":\"ListItem\",\"position\":2,\"name\":\"Reportaje sobre Todos los Tonos y Ayres\"}]},{\"@type\":\"WebSite\",\"@id\":\"https:\\\/\\\/www.todoslostonosyayres.com\\\/#website\",\"url\":\"https:\\\/\\\/www.todoslostonosyayres.com\\\/\",\"name\":\"Todos los Tonos y Ayres\",\"description\":\"Primera agrupaci\u00f3n de m\u00fasica antigua china y europea en Espa\u00f1a\",\"publisher\":{\"@id\":\"https:\\\/\\\/www.todoslostonosyayres.com\\\/#organization\"},\"potentialAction\":[{\"@type\":\"SearchAction\",\"target\":{\"@type\":\"EntryPoint\",\"urlTemplate\":\"https:\\\/\\\/www.todoslostonosyayres.com\\\/?s={search_term_string}\"},\"query-input\":{\"@type\":\"PropertyValueSpecification\",\"valueRequired\":true,\"valueName\":\"search_term_string\"}}],\"inLanguage\":\"en-US\"},{\"@type\":\"Organization\",\"@id\":\"https:\\\/\\\/www.todoslostonosyayres.com\\\/#organization\",\"name\":\"Todos los Tonos y Ayres\",\"url\":\"https:\\\/\\\/www.todoslostonosyayres.com\\\/\",\"logo\":{\"@type\":\"ImageObject\",\"inLanguage\":\"en-US\",\"@id\":\"https:\\\/\\\/www.todoslostonosyayres.com\\\/#\\\/schema\\\/logo\\\/image\\\/\",\"url\":\"https:\\\/\\\/www.todoslostonosyayres.com\\\/wp-content\\\/uploads\\\/Logos\\\/TAmedium.png\",\"contentUrl\":\"https:\\\/\\\/www.todoslostonosyayres.com\\\/wp-content\\\/uploads\\\/Logos\\\/TAmedium.png\",\"width\":100,\"height\":149,\"caption\":\"Todos los Tonos y Ayres\"},\"image\":{\"@id\":\"https:\\\/\\\/www.todoslostonosyayres.com\\\/#\\\/schema\\\/logo\\\/image\\\/\"},\"sameAs\":[\"https:\\\/\\\/www.facebook.com\\\/tonos.ayres\\\/\",\"https:\\\/\\\/www.youtube.com\\\/channel\\\/UCFx7iNEhJWGAq0xFxAnlUpQ\"]},{\"@type\":\"Person\",\"@id\":\"https:\\\/\\\/www.todoslostonosyayres.com\\\/#\\\/schema\\\/person\\\/030dc063f0bbe2d69f2bbaadd1a235e7\",\"name\":\"admin\",\"image\":{\"@type\":\"ImageObject\",\"inLanguage\":\"en-US\",\"@id\":\"https:\\\/\\\/secure.gravatar.com\\\/avatar\\\/2e7edde054e116ccda0be6d389c9ae8bfba7625f80eb04681f1565bbf7eb3526?s=96&d=mm&r=g\",\"url\":\"https:\\\/\\\/secure.gravatar.com\\\/avatar\\\/2e7edde054e116ccda0be6d389c9ae8bfba7625f80eb04681f1565bbf7eb3526?s=96&d=mm&r=g\",\"contentUrl\":\"https:\\\/\\\/secure.gravatar.com\\\/avatar\\\/2e7edde054e116ccda0be6d389c9ae8bfba7625f80eb04681f1565bbf7eb3526?s=96&d=mm&r=g\",\"caption\":\"admin\"}}]}<\/script>\n<!-- \/ Yoast SEO plugin. -->","yoast_head_json":{"title":"Reportaje sobre Todos los Tonos y Ayres - Todos los Tonos y Ayres","robots":{"index":"index","follow":"follow","max-snippet":"max-snippet:-1","max-image-preview":"max-image-preview:large","max-video-preview":"max-video-preview:-1"},"canonical":"https:\/\/www.todoslostonosyayres.com\/en\/reportaje-people-daily\/","twitter_card":"summary_large_image","twitter_title":"Reportaje sobre Todos los Tonos y Ayres - Todos los Tonos y Ayres","twitter_description":"Un equipo del medio chino People&#8217;s Daily, con sede en Reino Unido, viaj\u00f3 a Granada a finales de octubre para realizar un reportaje y breve documental sobre la trayectoria de . El fascinante viaje musical intercultural de Abigail y Rub\u00e9n, People&#8217;s Daily, 5\/12\/2024 [PDF] Spanish musicians&#8217; cross-cultural musical journey, People&#8217;s Daily, 10\/12\/2024 Enlace al v\u00eddeo [&hellip;]","twitter_image":"https:\/\/www.todoslostonosyayres.com\/wp-content\/uploads\/Medios\/Todos_los_Tonos_y_Ayres-Photo-by-Patrick-Shead-Simmonds-2024-10-25.jpg","twitter_misc":{"Written by":"admin","Est. reading time":"1 minute"},"schema":{"@context":"https:\/\/schema.org","@graph":[{"@type":"Article","@id":"https:\/\/www.todoslostonosyayres.com\/reportaje-people-daily\/#article","isPartOf":{"@id":"https:\/\/www.todoslostonosyayres.com\/reportaje-people-daily\/"},"author":{"name":"admin","@id":"https:\/\/www.todoslostonosyayres.com\/#\/schema\/person\/030dc063f0bbe2d69f2bbaadd1a235e7"},"headline":"Reportaje sobre Todos los Tonos y Ayres","datePublished":"2024-12-05T15:39:43+00:00","dateModified":"2024-12-26T21:19:40+00:00","mainEntityOfPage":{"@id":"https:\/\/www.todoslostonosyayres.com\/reportaje-people-daily\/"},"wordCount":88,"publisher":{"@id":"https:\/\/www.todoslostonosyayres.com\/#organization"},"image":{"@id":"https:\/\/www.todoslostonosyayres.com\/reportaje-people-daily\/#primaryimage"},"thumbnailUrl":"https:\/\/www.todoslostonosyayres.com\/wp-content\/uploads\/Medios\/Todos_los_Tonos_y_Ayres-Photo-by-Patrick-Shead-Simmonds-2024-10-25.jpg","articleSection":["Novedades"],"inLanguage":"en-US"},{"@type":"WebPage","@id":"https:\/\/www.todoslostonosyayres.com\/reportaje-people-daily\/","url":"https:\/\/www.todoslostonosyayres.com\/reportaje-people-daily\/","name":"Reportaje sobre Todos los Tonos y Ayres - Todos los Tonos y Ayres","isPartOf":{"@id":"https:\/\/www.todoslostonosyayres.com\/#website"},"primaryImageOfPage":{"@id":"https:\/\/www.todoslostonosyayres.com\/reportaje-people-daily\/#primaryimage"},"image":{"@id":"https:\/\/www.todoslostonosyayres.com\/reportaje-people-daily\/#primaryimage"},"thumbnailUrl":"https:\/\/www.todoslostonosyayres.com\/wp-content\/uploads\/Medios\/Todos_los_Tonos_y_Ayres-Photo-by-Patrick-Shead-Simmonds-2024-10-25.jpg","datePublished":"2024-12-05T15:39:43+00:00","dateModified":"2024-12-26T21:19:40+00:00","breadcrumb":{"@id":"https:\/\/www.todoslostonosyayres.com\/reportaje-people-daily\/#breadcrumb"},"inLanguage":"en-US","potentialAction":[{"@type":"ReadAction","target":["https:\/\/www.todoslostonosyayres.com\/reportaje-people-daily\/"]}]},{"@type":"ImageObject","inLanguage":"en-US","@id":"https:\/\/www.todoslostonosyayres.com\/reportaje-people-daily\/#primaryimage","url":"https:\/\/www.todoslostonosyayres.com\/wp-content\/uploads\/Medios\/Todos_los_Tonos_y_Ayres-Photo-by-Patrick-Shead-Simmonds-2024-10-25.jpg","contentUrl":"https:\/\/www.todoslostonosyayres.com\/wp-content\/uploads\/Medios\/Todos_los_Tonos_y_Ayres-Photo-by-Patrick-Shead-Simmonds-2024-10-25.jpg","width":1337,"height":752,"caption":"Abigail & Rub\u00e9n | Todos los Tonos y Ayres | Foto: Patrick Shead-Simmonds"},{"@type":"BreadcrumbList","@id":"https:\/\/www.todoslostonosyayres.com\/reportaje-people-daily\/#breadcrumb","itemListElement":[{"@type":"ListItem","position":1,"name":"Inicio","item":"https:\/\/www.todoslostonosyayres.com\/"},{"@type":"ListItem","position":2,"name":"Reportaje sobre Todos los Tonos y Ayres"}]},{"@type":"WebSite","@id":"https:\/\/www.todoslostonosyayres.com\/#website","url":"https:\/\/www.todoslostonosyayres.com\/","name":"Todos los Tonos y Ayres","description":"Primera agrupaci\u00f3n de m\u00fasica antigua china y europea en Espa\u00f1a","publisher":{"@id":"https:\/\/www.todoslostonosyayres.com\/#organization"},"potentialAction":[{"@type":"SearchAction","target":{"@type":"EntryPoint","urlTemplate":"https:\/\/www.todoslostonosyayres.com\/?s={search_term_string}"},"query-input":{"@type":"PropertyValueSpecification","valueRequired":true,"valueName":"search_term_string"}}],"inLanguage":"en-US"},{"@type":"Organization","@id":"https:\/\/www.todoslostonosyayres.com\/#organization","name":"Todos los Tonos y Ayres","url":"https:\/\/www.todoslostonosyayres.com\/","logo":{"@type":"ImageObject","inLanguage":"en-US","@id":"https:\/\/www.todoslostonosyayres.com\/#\/schema\/logo\/image\/","url":"https:\/\/www.todoslostonosyayres.com\/wp-content\/uploads\/Logos\/TAmedium.png","contentUrl":"https:\/\/www.todoslostonosyayres.com\/wp-content\/uploads\/Logos\/TAmedium.png","width":100,"height":149,"caption":"Todos los Tonos y Ayres"},"image":{"@id":"https:\/\/www.todoslostonosyayres.com\/#\/schema\/logo\/image\/"},"sameAs":["https:\/\/www.facebook.com\/tonos.ayres\/","https:\/\/www.youtube.com\/channel\/UCFx7iNEhJWGAq0xFxAnlUpQ"]},{"@type":"Person","@id":"https:\/\/www.todoslostonosyayres.com\/#\/schema\/person\/030dc063f0bbe2d69f2bbaadd1a235e7","name":"admin","image":{"@type":"ImageObject","inLanguage":"en-US","@id":"https:\/\/secure.gravatar.com\/avatar\/2e7edde054e116ccda0be6d389c9ae8bfba7625f80eb04681f1565bbf7eb3526?s=96&d=mm&r=g","url":"https:\/\/secure.gravatar.com\/avatar\/2e7edde054e116ccda0be6d389c9ae8bfba7625f80eb04681f1565bbf7eb3526?s=96&d=mm&r=g","contentUrl":"https:\/\/secure.gravatar.com\/avatar\/2e7edde054e116ccda0be6d389c9ae8bfba7625f80eb04681f1565bbf7eb3526?s=96&d=mm&r=g","caption":"admin"}}]}},"_links":{"self":[{"href":"https:\/\/www.todoslostonosyayres.com\/en\/wp-json\/wp\/v2\/posts\/2746","targetHints":{"allow":["GET"]}}],"collection":[{"href":"https:\/\/www.todoslostonosyayres.com\/en\/wp-json\/wp\/v2\/posts"}],"about":[{"href":"https:\/\/www.todoslostonosyayres.com\/en\/wp-json\/wp\/v2\/types\/post"}],"author":[{"embeddable":true,"href":"https:\/\/www.todoslostonosyayres.com\/en\/wp-json\/wp\/v2\/users\/1"}],"replies":[{"embeddable":true,"href":"https:\/\/www.todoslostonosyayres.com\/en\/wp-json\/wp\/v2\/comments?post=2746"}],"version-history":[{"count":15,"href":"https:\/\/www.todoslostonosyayres.com\/en\/wp-json\/wp\/v2\/posts\/2746\/revisions"}],"predecessor-version":[{"id":2787,"href":"https:\/\/www.todoslostonosyayres.com\/en\/wp-json\/wp\/v2\/posts\/2746\/revisions\/2787"}],"wp:featuredmedia":[{"embeddable":true,"href":"https:\/\/www.todoslostonosyayres.com\/en\/wp-json\/wp\/v2\/media\/2749"}],"wp:attachment":[{"href":"https:\/\/www.todoslostonosyayres.com\/en\/wp-json\/wp\/v2\/media?parent=2746"}],"wp:term":[{"taxonomy":"category","embeddable":true,"href":"https:\/\/www.todoslostonosyayres.com\/en\/wp-json\/wp\/v2\/categories?post=2746"},{"taxonomy":"post_tag","embeddable":true,"href":"https:\/\/www.todoslostonosyayres.com\/en\/wp-json\/wp\/v2\/tags?post=2746"}],"curies":[{"name":"wp","href":"https:\/\/api.w.org\/{rel}","templated":true}]}}