{"id":747,"date":"2018-05-05T23:37:00","date_gmt":"2018-05-05T21:37:00","guid":{"rendered":"https:\/\/www.todoslostonosyayres.com\/?p=747"},"modified":"2019-03-24T10:34:24","modified_gmt":"2019-03-24T09:34:24","slug":"estreno-de-el-clave-del-emperador-en-el-mag-2018","status":"publish","type":"post","link":"https:\/\/www.todoslostonosyayres.com\/en\/estreno-de-el-clave-del-emperador-en-el-mag-2018\/","title":{"rendered":"Premiere of \"The Emperor's Harpsichord\" at MAG 2018"},"content":{"rendered":"<p class=\"translation-block\"><img class=\"alignnone wp-image-632\" src=\"https:\/\/www.todoslostonosyayres.com\/wp-content\/uploads\/Logos\/tonosyayres_tiny.png\" alt=\"\" width=\"189\" height=\"27\"> and <a href=\"http:\/\/www.iliberensemble.com\" target=\"_blank\" rel=\"noopener noreferrer\">\u00cdliber Ensemble<\/a> premiere the program <a href=\"https:\/\/www.todoslostonosyayres.com\/wp-content\/uploads\/Documentos\/Dossier_The_Emperor_Harpsichord.pdf\" target=\"_blank\" rel=\"noopener noreferrer\"><em>The Emperor's Harpsichord: After the legacy of Diego de Pantoja<\/em><\/a> on Saturday 26 May at the closing concert of the <a href=\"https:\/\/festivalmag.es\/mevents\/todos-los-tonos-y-aires-iliber-ensemble\/\" target=\"_blank\" rel=\"noopener noreferrer\">Early Music Festival of Granada MAG 2018<\/a>.<\/p>\n<p>You can download the official program of the concert at MAG2018 <a href=\"https:\/\/www.todoslostonosyayres.com\/wp-content\/uploads\/Conciertos\/Diptico_MAG-2018_El_clave_del_Emperador.pdf\" target=\"_blank\" rel=\"noopener noreferrer\">here<\/a>.<\/p>","protected":false},"excerpt":{"rendered":"<p>e \u00cdliber Ensemble estrenan el programa El clave del Emperador: tras el legado de Diego de Pantoja el s\u00e1bado 26 de Mayo en el concierto de clausura del Festival de M\u00fasica Antigua de Granada MAG 2018. Puedes descargar el programa de mano oficial del concierto en el MAG2018 aqu\u00ed.<\/p>","protected":false},"author":1,"featured_media":749,"comment_status":"closed","ping_status":"closed","sticky":false,"template":"","format":"standard","meta":{"rs_blank_template":"","rs_page_bg_color":"","slide_template_v7":"","footnotes":""},"categories":[26],"tags":[],"class_list":["post-747","post","type-post","status-publish","format-standard","has-post-thumbnail","hentry","category-novedades"],"yoast_head":"<!-- This site is optimized with the Yoast SEO plugin v27.3 - https:\/\/yoast.com\/product\/yoast-seo-wordpress\/ -->\n<title>Estreno de &quot;El clave del Emperador&quot; en el MAG 2018 - Todos los Tonos y Ayres<\/title>\n<meta name=\"robots\" content=\"index, follow, max-snippet:-1, max-image-preview:large, max-video-preview:-1\" \/>\n<link rel=\"canonical\" href=\"https:\/\/www.todoslostonosyayres.com\/en\/estreno-de-el-clave-del-emperador-en-el-mag-2018\/\" \/>\n<meta name=\"twitter:card\" content=\"summary_large_image\" \/>\n<meta name=\"twitter:title\" content=\"Estreno de &quot;El clave del Emperador&quot; en el MAG 2018 - Todos los Tonos y Ayres\" \/>\n<meta name=\"twitter:description\" content=\"e \u00cdliber Ensemble estrenan el programa El clave del Emperador: tras el legado de Diego de Pantoja el s\u00e1bado 26 de Mayo en el concierto de clausura del Festival de M\u00fasica Antigua de Granada MAG 2018. Puedes descargar el programa de mano oficial del concierto en el MAG2018 aqu\u00ed.\" \/>\n<meta name=\"twitter:image\" content=\"https:\/\/www.todoslostonosyayres.com\/wp-content\/uploads\/Conciertos\/MAG2018.png\" \/>\n<meta name=\"twitter:label1\" content=\"Written by\" \/>\n\t<meta name=\"twitter:data1\" content=\"admin\" \/>\n<script type=\"application\/ld+json\" class=\"yoast-schema-graph\">{\"@context\":\"https:\\\/\\\/schema.org\",\"@graph\":[{\"@type\":\"Article\",\"@id\":\"https:\\\/\\\/www.todoslostonosyayres.com\\\/estreno-de-el-clave-del-emperador-en-el-mag-2018\\\/#article\",\"isPartOf\":{\"@id\":\"https:\\\/\\\/www.todoslostonosyayres.com\\\/estreno-de-el-clave-del-emperador-en-el-mag-2018\\\/\"},\"author\":{\"name\":\"admin\",\"@id\":\"https:\\\/\\\/www.todoslostonosyayres.com\\\/#\\\/schema\\\/person\\\/030dc063f0bbe2d69f2bbaadd1a235e7\"},\"headline\":\"Estreno de &#8220;El clave del Emperador&#8221; en el MAG 2018\",\"datePublished\":\"2018-05-05T21:37:00+00:00\",\"dateModified\":\"2019-03-24T09:34:24+00:00\",\"mainEntityOfPage\":{\"@id\":\"https:\\\/\\\/www.todoslostonosyayres.com\\\/estreno-de-el-clave-del-emperador-en-el-mag-2018\\\/\"},\"wordCount\":58,\"publisher\":{\"@id\":\"https:\\\/\\\/www.todoslostonosyayres.com\\\/#organization\"},\"image\":{\"@id\":\"https:\\\/\\\/www.todoslostonosyayres.com\\\/estreno-de-el-clave-del-emperador-en-el-mag-2018\\\/#primaryimage\"},\"thumbnailUrl\":\"https:\\\/\\\/www.todoslostonosyayres.com\\\/wp-content\\\/uploads\\\/Conciertos\\\/MAG2018.png\",\"articleSection\":[\"Novedades\"],\"inLanguage\":\"en-US\"},{\"@type\":\"WebPage\",\"@id\":\"https:\\\/\\\/www.todoslostonosyayres.com\\\/estreno-de-el-clave-del-emperador-en-el-mag-2018\\\/\",\"url\":\"https:\\\/\\\/www.todoslostonosyayres.com\\\/estreno-de-el-clave-del-emperador-en-el-mag-2018\\\/\",\"name\":\"Estreno de \\\"El clave del Emperador\\\" en el MAG 2018 - Todos los Tonos y Ayres\",\"isPartOf\":{\"@id\":\"https:\\\/\\\/www.todoslostonosyayres.com\\\/#website\"},\"primaryImageOfPage\":{\"@id\":\"https:\\\/\\\/www.todoslostonosyayres.com\\\/estreno-de-el-clave-del-emperador-en-el-mag-2018\\\/#primaryimage\"},\"image\":{\"@id\":\"https:\\\/\\\/www.todoslostonosyayres.com\\\/estreno-de-el-clave-del-emperador-en-el-mag-2018\\\/#primaryimage\"},\"thumbnailUrl\":\"https:\\\/\\\/www.todoslostonosyayres.com\\\/wp-content\\\/uploads\\\/Conciertos\\\/MAG2018.png\",\"datePublished\":\"2018-05-05T21:37:00+00:00\",\"dateModified\":\"2019-03-24T09:34:24+00:00\",\"breadcrumb\":{\"@id\":\"https:\\\/\\\/www.todoslostonosyayres.com\\\/estreno-de-el-clave-del-emperador-en-el-mag-2018\\\/#breadcrumb\"},\"inLanguage\":\"en-US\",\"potentialAction\":[{\"@type\":\"ReadAction\",\"target\":[\"https:\\\/\\\/www.todoslostonosyayres.com\\\/estreno-de-el-clave-del-emperador-en-el-mag-2018\\\/\"]}]},{\"@type\":\"ImageObject\",\"inLanguage\":\"en-US\",\"@id\":\"https:\\\/\\\/www.todoslostonosyayres.com\\\/estreno-de-el-clave-del-emperador-en-el-mag-2018\\\/#primaryimage\",\"url\":\"https:\\\/\\\/www.todoslostonosyayres.com\\\/wp-content\\\/uploads\\\/Conciertos\\\/MAG2018.png\",\"contentUrl\":\"https:\\\/\\\/www.todoslostonosyayres.com\\\/wp-content\\\/uploads\\\/Conciertos\\\/MAG2018.png\",\"width\":484,\"height\":372},{\"@type\":\"BreadcrumbList\",\"@id\":\"https:\\\/\\\/www.todoslostonosyayres.com\\\/estreno-de-el-clave-del-emperador-en-el-mag-2018\\\/#breadcrumb\",\"itemListElement\":[{\"@type\":\"ListItem\",\"position\":1,\"name\":\"Inicio\",\"item\":\"https:\\\/\\\/www.todoslostonosyayres.com\\\/\"},{\"@type\":\"ListItem\",\"position\":2,\"name\":\"Estreno de &#8220;El clave del Emperador&#8221; en el MAG 2018\"}]},{\"@type\":\"WebSite\",\"@id\":\"https:\\\/\\\/www.todoslostonosyayres.com\\\/#website\",\"url\":\"https:\\\/\\\/www.todoslostonosyayres.com\\\/\",\"name\":\"Todos los Tonos y Ayres\",\"description\":\"Primera agrupaci\u00f3n de m\u00fasica antigua china y europea en Espa\u00f1a\",\"publisher\":{\"@id\":\"https:\\\/\\\/www.todoslostonosyayres.com\\\/#organization\"},\"potentialAction\":[{\"@type\":\"SearchAction\",\"target\":{\"@type\":\"EntryPoint\",\"urlTemplate\":\"https:\\\/\\\/www.todoslostonosyayres.com\\\/?s={search_term_string}\"},\"query-input\":{\"@type\":\"PropertyValueSpecification\",\"valueRequired\":true,\"valueName\":\"search_term_string\"}}],\"inLanguage\":\"en-US\"},{\"@type\":\"Organization\",\"@id\":\"https:\\\/\\\/www.todoslostonosyayres.com\\\/#organization\",\"name\":\"Todos los Tonos y Ayres\",\"url\":\"https:\\\/\\\/www.todoslostonosyayres.com\\\/\",\"logo\":{\"@type\":\"ImageObject\",\"inLanguage\":\"en-US\",\"@id\":\"https:\\\/\\\/www.todoslostonosyayres.com\\\/#\\\/schema\\\/logo\\\/image\\\/\",\"url\":\"https:\\\/\\\/www.todoslostonosyayres.com\\\/wp-content\\\/uploads\\\/Logos\\\/TAmedium.png\",\"contentUrl\":\"https:\\\/\\\/www.todoslostonosyayres.com\\\/wp-content\\\/uploads\\\/Logos\\\/TAmedium.png\",\"width\":100,\"height\":149,\"caption\":\"Todos los Tonos y Ayres\"},\"image\":{\"@id\":\"https:\\\/\\\/www.todoslostonosyayres.com\\\/#\\\/schema\\\/logo\\\/image\\\/\"},\"sameAs\":[\"https:\\\/\\\/www.facebook.com\\\/tonos.ayres\\\/\",\"https:\\\/\\\/www.youtube.com\\\/channel\\\/UCFx7iNEhJWGAq0xFxAnlUpQ\"]},{\"@type\":\"Person\",\"@id\":\"https:\\\/\\\/www.todoslostonosyayres.com\\\/#\\\/schema\\\/person\\\/030dc063f0bbe2d69f2bbaadd1a235e7\",\"name\":\"admin\",\"image\":{\"@type\":\"ImageObject\",\"inLanguage\":\"en-US\",\"@id\":\"https:\\\/\\\/secure.gravatar.com\\\/avatar\\\/2e7edde054e116ccda0be6d389c9ae8bfba7625f80eb04681f1565bbf7eb3526?s=96&d=mm&r=g\",\"url\":\"https:\\\/\\\/secure.gravatar.com\\\/avatar\\\/2e7edde054e116ccda0be6d389c9ae8bfba7625f80eb04681f1565bbf7eb3526?s=96&d=mm&r=g\",\"contentUrl\":\"https:\\\/\\\/secure.gravatar.com\\\/avatar\\\/2e7edde054e116ccda0be6d389c9ae8bfba7625f80eb04681f1565bbf7eb3526?s=96&d=mm&r=g\",\"caption\":\"admin\"}}]}<\/script>\n<!-- \/ Yoast SEO plugin. -->","yoast_head_json":{"title":"Estreno de \"El clave del Emperador\" en el MAG 2018 - Todos los Tonos y Ayres","robots":{"index":"index","follow":"follow","max-snippet":"max-snippet:-1","max-image-preview":"max-image-preview:large","max-video-preview":"max-video-preview:-1"},"canonical":"https:\/\/www.todoslostonosyayres.com\/en\/estreno-de-el-clave-del-emperador-en-el-mag-2018\/","twitter_card":"summary_large_image","twitter_title":"Estreno de \"El clave del Emperador\" en el MAG 2018 - Todos los Tonos y Ayres","twitter_description":"e \u00cdliber Ensemble estrenan el programa El clave del Emperador: tras el legado de Diego de Pantoja el s\u00e1bado 26 de Mayo en el concierto de clausura del Festival de M\u00fasica Antigua de Granada MAG 2018. Puedes descargar el programa de mano oficial del concierto en el MAG2018 aqu\u00ed.","twitter_image":"https:\/\/www.todoslostonosyayres.com\/wp-content\/uploads\/Conciertos\/MAG2018.png","twitter_misc":{"Written by":"admin"},"schema":{"@context":"https:\/\/schema.org","@graph":[{"@type":"Article","@id":"https:\/\/www.todoslostonosyayres.com\/estreno-de-el-clave-del-emperador-en-el-mag-2018\/#article","isPartOf":{"@id":"https:\/\/www.todoslostonosyayres.com\/estreno-de-el-clave-del-emperador-en-el-mag-2018\/"},"author":{"name":"admin","@id":"https:\/\/www.todoslostonosyayres.com\/#\/schema\/person\/030dc063f0bbe2d69f2bbaadd1a235e7"},"headline":"Estreno de &#8220;El clave del Emperador&#8221; en el MAG 2018","datePublished":"2018-05-05T21:37:00+00:00","dateModified":"2019-03-24T09:34:24+00:00","mainEntityOfPage":{"@id":"https:\/\/www.todoslostonosyayres.com\/estreno-de-el-clave-del-emperador-en-el-mag-2018\/"},"wordCount":58,"publisher":{"@id":"https:\/\/www.todoslostonosyayres.com\/#organization"},"image":{"@id":"https:\/\/www.todoslostonosyayres.com\/estreno-de-el-clave-del-emperador-en-el-mag-2018\/#primaryimage"},"thumbnailUrl":"https:\/\/www.todoslostonosyayres.com\/wp-content\/uploads\/Conciertos\/MAG2018.png","articleSection":["Novedades"],"inLanguage":"en-US"},{"@type":"WebPage","@id":"https:\/\/www.todoslostonosyayres.com\/estreno-de-el-clave-del-emperador-en-el-mag-2018\/","url":"https:\/\/www.todoslostonosyayres.com\/estreno-de-el-clave-del-emperador-en-el-mag-2018\/","name":"Estreno de \"El clave del Emperador\" en el MAG 2018 - Todos los Tonos y Ayres","isPartOf":{"@id":"https:\/\/www.todoslostonosyayres.com\/#website"},"primaryImageOfPage":{"@id":"https:\/\/www.todoslostonosyayres.com\/estreno-de-el-clave-del-emperador-en-el-mag-2018\/#primaryimage"},"image":{"@id":"https:\/\/www.todoslostonosyayres.com\/estreno-de-el-clave-del-emperador-en-el-mag-2018\/#primaryimage"},"thumbnailUrl":"https:\/\/www.todoslostonosyayres.com\/wp-content\/uploads\/Conciertos\/MAG2018.png","datePublished":"2018-05-05T21:37:00+00:00","dateModified":"2019-03-24T09:34:24+00:00","breadcrumb":{"@id":"https:\/\/www.todoslostonosyayres.com\/estreno-de-el-clave-del-emperador-en-el-mag-2018\/#breadcrumb"},"inLanguage":"en-US","potentialAction":[{"@type":"ReadAction","target":["https:\/\/www.todoslostonosyayres.com\/estreno-de-el-clave-del-emperador-en-el-mag-2018\/"]}]},{"@type":"ImageObject","inLanguage":"en-US","@id":"https:\/\/www.todoslostonosyayres.com\/estreno-de-el-clave-del-emperador-en-el-mag-2018\/#primaryimage","url":"https:\/\/www.todoslostonosyayres.com\/wp-content\/uploads\/Conciertos\/MAG2018.png","contentUrl":"https:\/\/www.todoslostonosyayres.com\/wp-content\/uploads\/Conciertos\/MAG2018.png","width":484,"height":372},{"@type":"BreadcrumbList","@id":"https:\/\/www.todoslostonosyayres.com\/estreno-de-el-clave-del-emperador-en-el-mag-2018\/#breadcrumb","itemListElement":[{"@type":"ListItem","position":1,"name":"Inicio","item":"https:\/\/www.todoslostonosyayres.com\/"},{"@type":"ListItem","position":2,"name":"Estreno de &#8220;El clave del Emperador&#8221; en el MAG 2018"}]},{"@type":"WebSite","@id":"https:\/\/www.todoslostonosyayres.com\/#website","url":"https:\/\/www.todoslostonosyayres.com\/","name":"Todos los Tonos y Ayres","description":"Primera agrupaci\u00f3n de m\u00fasica antigua china y europea en Espa\u00f1a","publisher":{"@id":"https:\/\/www.todoslostonosyayres.com\/#organization"},"potentialAction":[{"@type":"SearchAction","target":{"@type":"EntryPoint","urlTemplate":"https:\/\/www.todoslostonosyayres.com\/?s={search_term_string}"},"query-input":{"@type":"PropertyValueSpecification","valueRequired":true,"valueName":"search_term_string"}}],"inLanguage":"en-US"},{"@type":"Organization","@id":"https:\/\/www.todoslostonosyayres.com\/#organization","name":"Todos los Tonos y Ayres","url":"https:\/\/www.todoslostonosyayres.com\/","logo":{"@type":"ImageObject","inLanguage":"en-US","@id":"https:\/\/www.todoslostonosyayres.com\/#\/schema\/logo\/image\/","url":"https:\/\/www.todoslostonosyayres.com\/wp-content\/uploads\/Logos\/TAmedium.png","contentUrl":"https:\/\/www.todoslostonosyayres.com\/wp-content\/uploads\/Logos\/TAmedium.png","width":100,"height":149,"caption":"Todos los Tonos y Ayres"},"image":{"@id":"https:\/\/www.todoslostonosyayres.com\/#\/schema\/logo\/image\/"},"sameAs":["https:\/\/www.facebook.com\/tonos.ayres\/","https:\/\/www.youtube.com\/channel\/UCFx7iNEhJWGAq0xFxAnlUpQ"]},{"@type":"Person","@id":"https:\/\/www.todoslostonosyayres.com\/#\/schema\/person\/030dc063f0bbe2d69f2bbaadd1a235e7","name":"admin","image":{"@type":"ImageObject","inLanguage":"en-US","@id":"https:\/\/secure.gravatar.com\/avatar\/2e7edde054e116ccda0be6d389c9ae8bfba7625f80eb04681f1565bbf7eb3526?s=96&d=mm&r=g","url":"https:\/\/secure.gravatar.com\/avatar\/2e7edde054e116ccda0be6d389c9ae8bfba7625f80eb04681f1565bbf7eb3526?s=96&d=mm&r=g","contentUrl":"https:\/\/secure.gravatar.com\/avatar\/2e7edde054e116ccda0be6d389c9ae8bfba7625f80eb04681f1565bbf7eb3526?s=96&d=mm&r=g","caption":"admin"}}]}},"_links":{"self":[{"href":"https:\/\/www.todoslostonosyayres.com\/en\/wp-json\/wp\/v2\/posts\/747","targetHints":{"allow":["GET"]}}],"collection":[{"href":"https:\/\/www.todoslostonosyayres.com\/en\/wp-json\/wp\/v2\/posts"}],"about":[{"href":"https:\/\/www.todoslostonosyayres.com\/en\/wp-json\/wp\/v2\/types\/post"}],"author":[{"embeddable":true,"href":"https:\/\/www.todoslostonosyayres.com\/en\/wp-json\/wp\/v2\/users\/1"}],"replies":[{"embeddable":true,"href":"https:\/\/www.todoslostonosyayres.com\/en\/wp-json\/wp\/v2\/comments?post=747"}],"version-history":[{"count":8,"href":"https:\/\/www.todoslostonosyayres.com\/en\/wp-json\/wp\/v2\/posts\/747\/revisions"}],"predecessor-version":[{"id":1126,"href":"https:\/\/www.todoslostonosyayres.com\/en\/wp-json\/wp\/v2\/posts\/747\/revisions\/1126"}],"wp:featuredmedia":[{"embeddable":true,"href":"https:\/\/www.todoslostonosyayres.com\/en\/wp-json\/wp\/v2\/media\/749"}],"wp:attachment":[{"href":"https:\/\/www.todoslostonosyayres.com\/en\/wp-json\/wp\/v2\/media?parent=747"}],"wp:term":[{"taxonomy":"category","embeddable":true,"href":"https:\/\/www.todoslostonosyayres.com\/en\/wp-json\/wp\/v2\/categories?post=747"},{"taxonomy":"post_tag","embeddable":true,"href":"https:\/\/www.todoslostonosyayres.com\/en\/wp-json\/wp\/v2\/tags?post=747"}],"curies":[{"name":"wp","href":"https:\/\/api.w.org\/{rel}","templated":true}]}}