{"id":928,"date":"2018-07-15T17:52:49","date_gmt":"2018-07-15T15:52:49","guid":{"rendered":"https:\/\/www.todoslostonosyayres.com\/?p=928"},"modified":"2019-03-24T10:38:23","modified_gmt":"2019-03-24T09:38:23","slug":"un-viaje-musical-por-el-oriente","status":"publish","type":"post","link":"https:\/\/www.todoslostonosyayres.com\/en\/un-viaje-musical-por-el-oriente\/","title":{"rendered":"A musical journey through the East"},"content":{"rendered":"<p>Chronicle by musicologist Eduardo Vi\u00f1uela of the concert \"Musafir, Medieval Travellers\" on <a href=\"https:\/\/www.todoslostonosyayres.com\/en\/ai1ec-event\/musafir-viajeros-medievales-gijon-2018\/?instance_id=18\" target=\"_blank\" rel=\"noopener noreferrer\">July 12th of 2018<\/a> at the <a href=\"http:\/\/cultura.gijon.es\/eventos\/show\/39837-todos-los-tonos-y-ayres-veterum-mvsicae-dir-aziz-samsaoui-musafir-viajeros-medievales\" target=\"_blank\" rel=\"noopener noreferrer\">Early Music Festival of Guij\u00f3n (FEMAG)<\/a>.<\/p>\n<p>&nbsp;<\/p>\n<p><img loading=\"lazy\" decoding=\"async\" class=\"alignnone wp-image-927\" src=\"https:\/\/www.todoslostonosyayres.com\/wp-content\/uploads\/Prensa\/Musafir\/Un-viaje-musical-por-el-Oriente-2018_07_14-cut-300x264.jpg\" alt=\"\" width=\"831\" height=\"731\" srcset=\"https:\/\/www.todoslostonosyayres.com\/wp-content\/uploads\/Prensa\/Musafir\/Un-viaje-musical-por-el-Oriente-2018_07_14-cut-300x264.jpg 300w, https:\/\/www.todoslostonosyayres.com\/wp-content\/uploads\/Prensa\/Musafir\/Un-viaje-musical-por-el-Oriente-2018_07_14-cut-768x676.jpg 768w, https:\/\/www.todoslostonosyayres.com\/wp-content\/uploads\/Prensa\/Musafir\/Un-viaje-musical-por-el-Oriente-2018_07_14-cut-1024x902.jpg 1024w, https:\/\/www.todoslostonosyayres.com\/wp-content\/uploads\/Prensa\/Musafir\/Un-viaje-musical-por-el-Oriente-2018_07_14-cut-600x528.jpg 600w, https:\/\/www.todoslostonosyayres.com\/wp-content\/uploads\/Prensa\/Musafir\/Un-viaje-musical-por-el-Oriente-2018_07_14-cut.jpg 2007w\" sizes=\"auto, (max-width: 831px) 100vw, 831px\" \/><\/p>","protected":false},"excerpt":{"rendered":"<p>Cr\u00f3nica del music\u00f3logo Eduardo Vi\u00f1uela del concierto &#8220;Musafir, Viajeros Medievales&#8221; celebrado el 12 de Julio de 2018 en el Festival de M\u00fasica Antigua de Gij\u00f3n (FEMAG). &nbsp;<\/p>","protected":false},"author":1,"featured_media":635,"comment_status":"closed","ping_status":"closed","sticky":false,"template":"","format":"gallery","meta":{"rs_blank_template":"","rs_page_bg_color":"","slide_template_v7":"","footnotes":""},"categories":[24],"tags":[],"class_list":["post-928","post","type-post","status-publish","format-gallery","has-post-thumbnail","hentry","category-medios","post_format-post-format-gallery"],"yoast_head":"<!-- This site is optimized with the Yoast SEO plugin v27.3 - https:\/\/yoast.com\/product\/yoast-seo-wordpress\/ -->\n<title>Un viaje musical por el Oriente - Todos los Tonos y Ayres<\/title>\n<meta name=\"robots\" content=\"index, follow, max-snippet:-1, max-image-preview:large, max-video-preview:-1\" \/>\n<link rel=\"canonical\" href=\"https:\/\/www.todoslostonosyayres.com\/en\/un-viaje-musical-por-el-oriente\/\" \/>\n<meta name=\"twitter:card\" content=\"summary_large_image\" \/>\n<meta name=\"twitter:title\" content=\"Un viaje musical por el Oriente - Todos los Tonos y Ayres\" \/>\n<meta name=\"twitter:description\" content=\"Cr\u00f3nica del music\u00f3logo Eduardo Vi\u00f1uela del concierto &#8220;Musafir, Viajeros Medievales&#8221; celebrado el 12 de Julio de 2018 en el Festival de M\u00fasica Antigua de Gij\u00f3n (FEMAG). &nbsp;\" \/>\n<meta name=\"twitter:image\" content=\"https:\/\/www.todoslostonosyayres.com\/wp-content\/uploads\/Conciertos\/Musafir-MAG2017.png\" \/>\n<meta name=\"twitter:label1\" content=\"Written by\" \/>\n\t<meta name=\"twitter:data1\" content=\"admin\" \/>\n<script type=\"application\/ld+json\" class=\"yoast-schema-graph\">{\"@context\":\"https:\\\/\\\/schema.org\",\"@graph\":[{\"@type\":\"Article\",\"@id\":\"https:\\\/\\\/www.todoslostonosyayres.com\\\/un-viaje-musical-por-el-oriente\\\/#article\",\"isPartOf\":{\"@id\":\"https:\\\/\\\/www.todoslostonosyayres.com\\\/un-viaje-musical-por-el-oriente\\\/\"},\"author\":{\"name\":\"admin\",\"@id\":\"https:\\\/\\\/www.todoslostonosyayres.com\\\/#\\\/schema\\\/person\\\/030dc063f0bbe2d69f2bbaadd1a235e7\"},\"headline\":\"Un viaje musical por el Oriente\",\"datePublished\":\"2018-07-15T15:52:49+00:00\",\"dateModified\":\"2019-03-24T09:38:23+00:00\",\"mainEntityOfPage\":{\"@id\":\"https:\\\/\\\/www.todoslostonosyayres.com\\\/un-viaje-musical-por-el-oriente\\\/\"},\"wordCount\":36,\"publisher\":{\"@id\":\"https:\\\/\\\/www.todoslostonosyayres.com\\\/#organization\"},\"image\":{\"@id\":\"https:\\\/\\\/www.todoslostonosyayres.com\\\/un-viaje-musical-por-el-oriente\\\/#primaryimage\"},\"thumbnailUrl\":\"https:\\\/\\\/www.todoslostonosyayres.com\\\/wp-content\\\/uploads\\\/Conciertos\\\/Musafir-MAG2017.png\",\"articleSection\":[\"Medios\"],\"inLanguage\":\"en-US\"},{\"@type\":\"WebPage\",\"@id\":\"https:\\\/\\\/www.todoslostonosyayres.com\\\/un-viaje-musical-por-el-oriente\\\/\",\"url\":\"https:\\\/\\\/www.todoslostonosyayres.com\\\/un-viaje-musical-por-el-oriente\\\/\",\"name\":\"Un viaje musical por el Oriente - Todos los Tonos y Ayres\",\"isPartOf\":{\"@id\":\"https:\\\/\\\/www.todoslostonosyayres.com\\\/#website\"},\"primaryImageOfPage\":{\"@id\":\"https:\\\/\\\/www.todoslostonosyayres.com\\\/un-viaje-musical-por-el-oriente\\\/#primaryimage\"},\"image\":{\"@id\":\"https:\\\/\\\/www.todoslostonosyayres.com\\\/un-viaje-musical-por-el-oriente\\\/#primaryimage\"},\"thumbnailUrl\":\"https:\\\/\\\/www.todoslostonosyayres.com\\\/wp-content\\\/uploads\\\/Conciertos\\\/Musafir-MAG2017.png\",\"datePublished\":\"2018-07-15T15:52:49+00:00\",\"dateModified\":\"2019-03-24T09:38:23+00:00\",\"breadcrumb\":{\"@id\":\"https:\\\/\\\/www.todoslostonosyayres.com\\\/un-viaje-musical-por-el-oriente\\\/#breadcrumb\"},\"inLanguage\":\"en-US\",\"potentialAction\":[{\"@type\":\"ReadAction\",\"target\":[\"https:\\\/\\\/www.todoslostonosyayres.com\\\/un-viaje-musical-por-el-oriente\\\/\"]}]},{\"@type\":\"ImageObject\",\"inLanguage\":\"en-US\",\"@id\":\"https:\\\/\\\/www.todoslostonosyayres.com\\\/un-viaje-musical-por-el-oriente\\\/#primaryimage\",\"url\":\"https:\\\/\\\/www.todoslostonosyayres.com\\\/wp-content\\\/uploads\\\/Conciertos\\\/Musafir-MAG2017.png\",\"contentUrl\":\"https:\\\/\\\/www.todoslostonosyayres.com\\\/wp-content\\\/uploads\\\/Conciertos\\\/Musafir-MAG2017.png\",\"width\":693,\"height\":495},{\"@type\":\"BreadcrumbList\",\"@id\":\"https:\\\/\\\/www.todoslostonosyayres.com\\\/un-viaje-musical-por-el-oriente\\\/#breadcrumb\",\"itemListElement\":[{\"@type\":\"ListItem\",\"position\":1,\"name\":\"Inicio\",\"item\":\"https:\\\/\\\/www.todoslostonosyayres.com\\\/\"},{\"@type\":\"ListItem\",\"position\":2,\"name\":\"Un viaje musical por el Oriente\"}]},{\"@type\":\"WebSite\",\"@id\":\"https:\\\/\\\/www.todoslostonosyayres.com\\\/#website\",\"url\":\"https:\\\/\\\/www.todoslostonosyayres.com\\\/\",\"name\":\"Todos los Tonos y Ayres\",\"description\":\"Primera agrupaci\u00f3n de m\u00fasica antigua china y europea en Espa\u00f1a\",\"publisher\":{\"@id\":\"https:\\\/\\\/www.todoslostonosyayres.com\\\/#organization\"},\"potentialAction\":[{\"@type\":\"SearchAction\",\"target\":{\"@type\":\"EntryPoint\",\"urlTemplate\":\"https:\\\/\\\/www.todoslostonosyayres.com\\\/?s={search_term_string}\"},\"query-input\":{\"@type\":\"PropertyValueSpecification\",\"valueRequired\":true,\"valueName\":\"search_term_string\"}}],\"inLanguage\":\"en-US\"},{\"@type\":\"Organization\",\"@id\":\"https:\\\/\\\/www.todoslostonosyayres.com\\\/#organization\",\"name\":\"Todos los Tonos y Ayres\",\"url\":\"https:\\\/\\\/www.todoslostonosyayres.com\\\/\",\"logo\":{\"@type\":\"ImageObject\",\"inLanguage\":\"en-US\",\"@id\":\"https:\\\/\\\/www.todoslostonosyayres.com\\\/#\\\/schema\\\/logo\\\/image\\\/\",\"url\":\"https:\\\/\\\/www.todoslostonosyayres.com\\\/wp-content\\\/uploads\\\/Logos\\\/TAmedium.png\",\"contentUrl\":\"https:\\\/\\\/www.todoslostonosyayres.com\\\/wp-content\\\/uploads\\\/Logos\\\/TAmedium.png\",\"width\":100,\"height\":149,\"caption\":\"Todos los Tonos y Ayres\"},\"image\":{\"@id\":\"https:\\\/\\\/www.todoslostonosyayres.com\\\/#\\\/schema\\\/logo\\\/image\\\/\"},\"sameAs\":[\"https:\\\/\\\/www.facebook.com\\\/tonos.ayres\\\/\",\"https:\\\/\\\/www.youtube.com\\\/channel\\\/UCFx7iNEhJWGAq0xFxAnlUpQ\"]},{\"@type\":\"Person\",\"@id\":\"https:\\\/\\\/www.todoslostonosyayres.com\\\/#\\\/schema\\\/person\\\/030dc063f0bbe2d69f2bbaadd1a235e7\",\"name\":\"admin\",\"image\":{\"@type\":\"ImageObject\",\"inLanguage\":\"en-US\",\"@id\":\"https:\\\/\\\/secure.gravatar.com\\\/avatar\\\/2e7edde054e116ccda0be6d389c9ae8bfba7625f80eb04681f1565bbf7eb3526?s=96&d=mm&r=g\",\"url\":\"https:\\\/\\\/secure.gravatar.com\\\/avatar\\\/2e7edde054e116ccda0be6d389c9ae8bfba7625f80eb04681f1565bbf7eb3526?s=96&d=mm&r=g\",\"contentUrl\":\"https:\\\/\\\/secure.gravatar.com\\\/avatar\\\/2e7edde054e116ccda0be6d389c9ae8bfba7625f80eb04681f1565bbf7eb3526?s=96&d=mm&r=g\",\"caption\":\"admin\"}}]}<\/script>\n<!-- \/ Yoast SEO plugin. -->","yoast_head_json":{"title":"Un viaje musical por el Oriente - Todos los Tonos y Ayres","robots":{"index":"index","follow":"follow","max-snippet":"max-snippet:-1","max-image-preview":"max-image-preview:large","max-video-preview":"max-video-preview:-1"},"canonical":"https:\/\/www.todoslostonosyayres.com\/en\/un-viaje-musical-por-el-oriente\/","twitter_card":"summary_large_image","twitter_title":"Un viaje musical por el Oriente - Todos los Tonos y Ayres","twitter_description":"Cr\u00f3nica del music\u00f3logo Eduardo Vi\u00f1uela del concierto &#8220;Musafir, Viajeros Medievales&#8221; celebrado el 12 de Julio de 2018 en el Festival de M\u00fasica Antigua de Gij\u00f3n (FEMAG). &nbsp;","twitter_image":"https:\/\/www.todoslostonosyayres.com\/wp-content\/uploads\/Conciertos\/Musafir-MAG2017.png","twitter_misc":{"Written by":"admin"},"schema":{"@context":"https:\/\/schema.org","@graph":[{"@type":"Article","@id":"https:\/\/www.todoslostonosyayres.com\/un-viaje-musical-por-el-oriente\/#article","isPartOf":{"@id":"https:\/\/www.todoslostonosyayres.com\/un-viaje-musical-por-el-oriente\/"},"author":{"name":"admin","@id":"https:\/\/www.todoslostonosyayres.com\/#\/schema\/person\/030dc063f0bbe2d69f2bbaadd1a235e7"},"headline":"Un viaje musical por el Oriente","datePublished":"2018-07-15T15:52:49+00:00","dateModified":"2019-03-24T09:38:23+00:00","mainEntityOfPage":{"@id":"https:\/\/www.todoslostonosyayres.com\/un-viaje-musical-por-el-oriente\/"},"wordCount":36,"publisher":{"@id":"https:\/\/www.todoslostonosyayres.com\/#organization"},"image":{"@id":"https:\/\/www.todoslostonosyayres.com\/un-viaje-musical-por-el-oriente\/#primaryimage"},"thumbnailUrl":"https:\/\/www.todoslostonosyayres.com\/wp-content\/uploads\/Conciertos\/Musafir-MAG2017.png","articleSection":["Medios"],"inLanguage":"en-US"},{"@type":"WebPage","@id":"https:\/\/www.todoslostonosyayres.com\/un-viaje-musical-por-el-oriente\/","url":"https:\/\/www.todoslostonosyayres.com\/un-viaje-musical-por-el-oriente\/","name":"Un viaje musical por el Oriente - Todos los Tonos y Ayres","isPartOf":{"@id":"https:\/\/www.todoslostonosyayres.com\/#website"},"primaryImageOfPage":{"@id":"https:\/\/www.todoslostonosyayres.com\/un-viaje-musical-por-el-oriente\/#primaryimage"},"image":{"@id":"https:\/\/www.todoslostonosyayres.com\/un-viaje-musical-por-el-oriente\/#primaryimage"},"thumbnailUrl":"https:\/\/www.todoslostonosyayres.com\/wp-content\/uploads\/Conciertos\/Musafir-MAG2017.png","datePublished":"2018-07-15T15:52:49+00:00","dateModified":"2019-03-24T09:38:23+00:00","breadcrumb":{"@id":"https:\/\/www.todoslostonosyayres.com\/un-viaje-musical-por-el-oriente\/#breadcrumb"},"inLanguage":"en-US","potentialAction":[{"@type":"ReadAction","target":["https:\/\/www.todoslostonosyayres.com\/un-viaje-musical-por-el-oriente\/"]}]},{"@type":"ImageObject","inLanguage":"en-US","@id":"https:\/\/www.todoslostonosyayres.com\/un-viaje-musical-por-el-oriente\/#primaryimage","url":"https:\/\/www.todoslostonosyayres.com\/wp-content\/uploads\/Conciertos\/Musafir-MAG2017.png","contentUrl":"https:\/\/www.todoslostonosyayres.com\/wp-content\/uploads\/Conciertos\/Musafir-MAG2017.png","width":693,"height":495},{"@type":"BreadcrumbList","@id":"https:\/\/www.todoslostonosyayres.com\/un-viaje-musical-por-el-oriente\/#breadcrumb","itemListElement":[{"@type":"ListItem","position":1,"name":"Inicio","item":"https:\/\/www.todoslostonosyayres.com\/"},{"@type":"ListItem","position":2,"name":"Un viaje musical por el Oriente"}]},{"@type":"WebSite","@id":"https:\/\/www.todoslostonosyayres.com\/#website","url":"https:\/\/www.todoslostonosyayres.com\/","name":"Todos los Tonos y Ayres","description":"Primera agrupaci\u00f3n de m\u00fasica antigua china y europea en Espa\u00f1a","publisher":{"@id":"https:\/\/www.todoslostonosyayres.com\/#organization"},"potentialAction":[{"@type":"SearchAction","target":{"@type":"EntryPoint","urlTemplate":"https:\/\/www.todoslostonosyayres.com\/?s={search_term_string}"},"query-input":{"@type":"PropertyValueSpecification","valueRequired":true,"valueName":"search_term_string"}}],"inLanguage":"en-US"},{"@type":"Organization","@id":"https:\/\/www.todoslostonosyayres.com\/#organization","name":"Todos los Tonos y Ayres","url":"https:\/\/www.todoslostonosyayres.com\/","logo":{"@type":"ImageObject","inLanguage":"en-US","@id":"https:\/\/www.todoslostonosyayres.com\/#\/schema\/logo\/image\/","url":"https:\/\/www.todoslostonosyayres.com\/wp-content\/uploads\/Logos\/TAmedium.png","contentUrl":"https:\/\/www.todoslostonosyayres.com\/wp-content\/uploads\/Logos\/TAmedium.png","width":100,"height":149,"caption":"Todos los Tonos y Ayres"},"image":{"@id":"https:\/\/www.todoslostonosyayres.com\/#\/schema\/logo\/image\/"},"sameAs":["https:\/\/www.facebook.com\/tonos.ayres\/","https:\/\/www.youtube.com\/channel\/UCFx7iNEhJWGAq0xFxAnlUpQ"]},{"@type":"Person","@id":"https:\/\/www.todoslostonosyayres.com\/#\/schema\/person\/030dc063f0bbe2d69f2bbaadd1a235e7","name":"admin","image":{"@type":"ImageObject","inLanguage":"en-US","@id":"https:\/\/secure.gravatar.com\/avatar\/2e7edde054e116ccda0be6d389c9ae8bfba7625f80eb04681f1565bbf7eb3526?s=96&d=mm&r=g","url":"https:\/\/secure.gravatar.com\/avatar\/2e7edde054e116ccda0be6d389c9ae8bfba7625f80eb04681f1565bbf7eb3526?s=96&d=mm&r=g","contentUrl":"https:\/\/secure.gravatar.com\/avatar\/2e7edde054e116ccda0be6d389c9ae8bfba7625f80eb04681f1565bbf7eb3526?s=96&d=mm&r=g","caption":"admin"}}]}},"_links":{"self":[{"href":"https:\/\/www.todoslostonosyayres.com\/en\/wp-json\/wp\/v2\/posts\/928","targetHints":{"allow":["GET"]}}],"collection":[{"href":"https:\/\/www.todoslostonosyayres.com\/en\/wp-json\/wp\/v2\/posts"}],"about":[{"href":"https:\/\/www.todoslostonosyayres.com\/en\/wp-json\/wp\/v2\/types\/post"}],"author":[{"embeddable":true,"href":"https:\/\/www.todoslostonosyayres.com\/en\/wp-json\/wp\/v2\/users\/1"}],"replies":[{"embeddable":true,"href":"https:\/\/www.todoslostonosyayres.com\/en\/wp-json\/wp\/v2\/comments?post=928"}],"version-history":[{"count":7,"href":"https:\/\/www.todoslostonosyayres.com\/en\/wp-json\/wp\/v2\/posts\/928\/revisions"}],"predecessor-version":[{"id":1134,"href":"https:\/\/www.todoslostonosyayres.com\/en\/wp-json\/wp\/v2\/posts\/928\/revisions\/1134"}],"wp:featuredmedia":[{"embeddable":true,"href":"https:\/\/www.todoslostonosyayres.com\/en\/wp-json\/wp\/v2\/media\/635"}],"wp:attachment":[{"href":"https:\/\/www.todoslostonosyayres.com\/en\/wp-json\/wp\/v2\/media?parent=928"}],"wp:term":[{"taxonomy":"category","embeddable":true,"href":"https:\/\/www.todoslostonosyayres.com\/en\/wp-json\/wp\/v2\/categories?post=928"},{"taxonomy":"post_tag","embeddable":true,"href":"https:\/\/www.todoslostonosyayres.com\/en\/wp-json\/wp\/v2\/tags?post=928"}],"curies":[{"name":"wp","href":"https:\/\/api.w.org\/{rel}","templated":true}]}}